{"id":9216,"date":"2026-09-04T14:15:23","date_gmt":"2026-09-04T17:15:23","guid":{"rendered":"https:\/\/crefito10.org.br\/portal\/?p=9216"},"modified":"2026-09-04T14:17:22","modified_gmt":"2026-09-04T17:17:22","slug":"informamos-que-no-periodo-de-8-a-22-de-setembro-de-2026-nao-havera-atendimento-presencial-na-subsede-regional-oeste","status":"publish","type":"post","link":"https:\/\/crefito10.org.br\/portal\/index.php\/2026\/09\/04\/informamos-que-no-periodo-de-8-a-22-de-setembro-de-2026-nao-havera-atendimento-presencial-na-subsede-regional-oeste\/","title":{"rendered":"Informamos que, no per\u00edodo de 8 a 22 de setembro de 2026, n\u00e3o haver\u00e1 atendimento presencial na Subsede Regional Oeste."},"content":{"rendered":"\t\t<div data-elementor-type=\"wp-post\" data-elementor-id=\"9216\" class=\"elementor elementor-9216\" data-elementor-post-type=\"post\">\n\t\t\t\t\t\t<section class=\"elementor-section elementor-top-section elementor-element elementor-element-4ff6805e elementor-section-boxed elementor-section-height-default elementor-section-height-default\" data-id=\"4ff6805e\" data-element_type=\"section\" data-e-type=\"section\">\n\t\t\t\t\t\t<div class=\"elementor-container elementor-column-gap-default\">\n\t\t\t\t\t<div class=\"elementor-column elementor-col-100 elementor-top-column elementor-element elementor-element-59cf5f0b\" data-id=\"59cf5f0b\" data-element_type=\"column\" data-e-type=\"column\">\n\t\t\t<div class=\"elementor-widget-wrap elementor-element-populated\">\n\t\t\t\t\t\t<div class=\"elementor-element elementor-element-15e1962c elementor-widget elementor-widget-text-editor\" data-id=\"15e1962c\" data-element_type=\"widget\" data-e-type=\"widget\" data-widget_type=\"text-editor.default\">\n\t\t\t\t<div class=\"elementor-widget-container\">\n\t\t\t\t\t\t\t\t\t<p><\/p>\n<p class=\"wp-block-paragraph\">D<b>urante esse per\u00edodo, os profissionais poder\u00e3o utilizar os servi\u00e7os dispon\u00edveis no Portal do Profissional ou buscar atendimento presencial na Sede e nas demais Subsedes do CREFITO-10.<\/b><\/p>\n<p><\/p>\n<p class=\"wp-block-paragraph\"><b>O atendimento presencial na Subsede Regional Oeste ser\u00e1 retomado normalmente em 23 de setembro de 2026.<\/b><\/p>\n<p><\/p>\n<p class=\"wp-block-paragraph\"><b>Agradecemos a compreens\u00e3o.<\/b><\/p>\n<p><\/p>\n<p class=\"wp-block-paragraph\"><\/p>\t\t\t\t\t\t\t\t<\/div>\n\t\t\t\t<\/div>\n\t\t\t\t\t<\/div>\n\t\t<\/div>\n\t\t\t\t\t<\/div>\n\t\t<\/section>\n\t\t\t\t<\/div>\n\t\t","protected":false},"excerpt":{"rendered":"<p>Durante esse per\u00edodo, os profissionais poder\u00e3o utilizar os servi\u00e7os dispon\u00edveis no Portal do Profissional ou buscar atendimento presencial na Sede e nas demais Subsedes do CREFITO-10. O atendimento presencial na Subsede Regional Oeste ser\u00e1 retomado normalmente em 23 de setembro de 2026. Agradecemos a compreens\u00e3o.<\/p>\n","protected":false},"author":1,"featured_media":9217,"comment_status":"closed","ping_status":"","sticky":false,"template":"","format":"standard","meta":{"footnotes":""},"categories":[1],"tags":[],"class_list":["post-9216","post","type-post","status-publish","format-standard","has-post-thumbnail","hentry","category-sem-categoria"],"_links":{"self":[{"href":"https:\/\/crefito10.org.br\/portal\/index.php\/wp-json\/wp\/v2\/posts\/9216","targetHints":{"allow":["GET"]}}],"collection":[{"href":"https:\/\/crefito10.org.br\/portal\/index.php\/wp-json\/wp\/v2\/posts"}],"about":[{"href":"https:\/\/crefito10.org.br\/portal\/index.php\/wp-json\/wp\/v2\/types\/post"}],"author":[{"embeddable":true,"href":"https:\/\/crefito10.org.br\/portal\/index.php\/wp-json\/wp\/v2\/users\/1"}],"replies":[{"embeddable":true,"href":"https:\/\/crefito10.org.br\/portal\/index.php\/wp-json\/wp\/v2\/comments?post=9216"}],"version-history":[{"count":4,"href":"https:\/\/crefito10.org.br\/portal\/index.php\/wp-json\/wp\/v2\/posts\/9216\/revisions"}],"predecessor-version":[{"id":9222,"href":"https:\/\/crefito10.org.br\/portal\/index.php\/wp-json\/wp\/v2\/posts\/9216\/revisions\/9222"}],"wp:featuredmedia":[{"embeddable":true,"href":"https:\/\/crefito10.org.br\/portal\/index.php\/wp-json\/wp\/v2\/media\/9217"}],"wp:attachment":[{"href":"https:\/\/crefito10.org.br\/portal\/index.php\/wp-json\/wp\/v2\/media?parent=9216"}],"wp:term":[{"taxonomy":"category","embeddable":true,"href":"https:\/\/crefito10.org.br\/portal\/index.php\/wp-json\/wp\/v2\/categories?post=9216"},{"taxonomy":"post_tag","embeddable":true,"href":"https:\/\/crefito10.org.br\/portal\/index.php\/wp-json\/wp\/v2\/tags?post=9216"}],"curies":[{"name":"wp","href":"https:\/\/api.w.org\/{rel}","templated":true}]}}