{"id":6334,"date":"2025-11-27T14:31:12","date_gmt":"2025-11-27T17:31:12","guid":{"rendered":"https:\/\/crefito10.org.br\/portal\/?p=6334"},"modified":"2025-11-27T14:33:41","modified_gmt":"2025-11-27T17:33:41","slug":"crefito-10-prestigia-abertura-do-novo-curso-de-terapia-ocupacional-da-unidavi","status":"publish","type":"post","link":"https:\/\/crefito10.org.br\/portal\/index.php\/2025\/11\/27\/crefito-10-prestigia-abertura-do-novo-curso-de-terapia-ocupacional-da-unidavi\/","title":{"rendered":"CREFITO-10 prestigia abertura do novo curso de Terapia Ocupacional da UNIDAVI"},"content":{"rendered":"\n<p>O fortalecimento da forma\u00e7\u00e3o em Terapia Ocupacional em Santa Catarina ganhou novo impulso com o lan\u00e7amento oficial da gradua\u00e7\u00e3o presencial na UNIDAVI, realizado na noite de ontem. A presen\u00e7a do CREFITO-10 no evento refor\u00e7ou o papel estrat\u00e9gico do Programa Avan\u00e7a Terapia Ocupacional, iniciativa do Conselho que vem articulando institui\u00e7\u00f5es de ensino e lideran\u00e7as regionais para ampliar a oferta formativa no estado.<\/p>\n\n\n\n<figure class=\"wp-block-image size-large is-resized\"><img fetchpriority=\"high\" decoding=\"async\" width=\"819\" height=\"1024\" src=\"https:\/\/crefito10.org.br\/portal\/wp-content\/uploads\/2025\/11\/foto-unidavi-819x1024.jpg\" alt=\"\" class=\"wp-image-6337\" style=\"width:509px;height:auto\" srcset=\"https:\/\/crefito10.org.br\/portal\/wp-content\/uploads\/2025\/11\/foto-unidavi-819x1024.jpg 819w, https:\/\/crefito10.org.br\/portal\/wp-content\/uploads\/2025\/11\/foto-unidavi-240x300.jpg 240w, https:\/\/crefito10.org.br\/portal\/wp-content\/uploads\/2025\/11\/foto-unidavi-768x960.jpg 768w, https:\/\/crefito10.org.br\/portal\/wp-content\/uploads\/2025\/11\/foto-unidavi.jpg 1080w\" sizes=\"(max-width: 819px) 100vw, 819px\" \/><\/figure>\n\n\n\n<p>\ud83e\udd1d A cria\u00e7\u00e3o do curso de Terapia Ocupacional pela UNIDAVI representa um avan\u00e7o concreto na interioriza\u00e7\u00e3o da forma\u00e7\u00e3o na \u00e1rea. A iniciativa dialoga diretamente com as frentes defendidas pelo Programa Avan\u00e7a Terapia Ocupacional, que vem estimulando a expans\u00e3o de novos cursos e fortalecendo parcerias com institui\u00e7\u00f5es de ensino superior para atender regi\u00f5es ainda desassistidas.<\/p>\n\n\n\n<p>Com a nova gradua\u00e7\u00e3o, a UNIDAVI passa a contribuir diretamente para a forma\u00e7\u00e3o de terapeutas ocupacionais preparados para atuar em sa\u00fade, educa\u00e7\u00e3o e assist\u00eancia social, promovendo autonomia, funcionalidade e inclus\u00e3o em diferentes contextos de vida.<\/p>\n\n\n\n<p>\ud83d\udcda As INSCRI\u00c7\u00d5ES para o curso j\u00e1 est\u00e3o abertas, oferecendo uma oportunidade essencial para quem deseja ingressar em uma \u00e1rea cada vez mais necess\u00e1ria ao desenvolvimento humano e social em Santa Catarina.<\/p>\n\n\n\n<p>O CREFITO-10 seguir\u00e1 acompanhando e apoiando iniciativas como esta, reafirmando seu compromisso com a qualifica\u00e7\u00e3o da forma\u00e7\u00e3o profissional e com o fortalecimento da Terapia Ocupacional no estado.<\/p>\n\n\n\n<p>\ud83d\udcf8 Na foto:<br>Dr. Andr\u00e9 Cruz, presidente do CREFITO-10<br>Dra. Gisele Lima, terapeuta ocupacional e conselheira do CREFITO-10.<br>Professor Alcir Teixeira, reitor da UNIDAVI<br>Professora Josie Budag Matsuda, coordenadora do curso de Terapia Ocupacional<\/p>\n","protected":false},"excerpt":{"rendered":"<p>O fortalecimento da forma\u00e7\u00e3o em Terapia Ocupacional em Santa Catarina ganhou novo impulso com o lan\u00e7amento oficial da gradua\u00e7\u00e3o presencial na UNIDAVI, realizado na noite de ontem. A presen\u00e7a do [&hellip;]<\/p>\n","protected":false},"author":1,"featured_media":6337,"comment_status":"closed","ping_status":"closed","sticky":false,"template":"","format":"standard","meta":{"footnotes":""},"categories":[1],"tags":[],"class_list":["post-6334","post","type-post","status-publish","format-standard","has-post-thumbnail","hentry","category-sem-categoria"],"yoast_head":"<!-- This site is optimized with the Yoast SEO plugin v27.5 - https:\/\/yoast.com\/product\/yoast-seo-wordpress\/ -->\n<title>CREFITO-10 prestigia abertura do novo curso de Terapia Ocupacional da UNIDAVI - CREFITO10<\/title>\n<meta name=\"robots\" content=\"index, follow, max-snippet:-1, max-image-preview:large, max-video-preview:-1\" \/>\n<link rel=\"canonical\" href=\"https:\/\/crefito10.org.br\/portal\/index.php\/2025\/11\/27\/crefito-10-prestigia-abertura-do-novo-curso-de-terapia-ocupacional-da-unidavi\/\" \/>\n<meta property=\"og:locale\" content=\"pt_BR\" \/>\n<meta property=\"og:type\" content=\"article\" \/>\n<meta property=\"og:title\" content=\"CREFITO-10 prestigia abertura do novo curso de Terapia Ocupacional da UNIDAVI - CREFITO10\" \/>\n<meta property=\"og:description\" content=\"O fortalecimento da forma\u00e7\u00e3o em Terapia Ocupacional em Santa Catarina ganhou novo impulso com o lan\u00e7amento oficial da gradua\u00e7\u00e3o presencial na UNIDAVI, realizado na noite de ontem. A presen\u00e7a do [&hellip;]\" \/>\n<meta property=\"og:url\" content=\"https:\/\/crefito10.org.br\/portal\/index.php\/2025\/11\/27\/crefito-10-prestigia-abertura-do-novo-curso-de-terapia-ocupacional-da-unidavi\/\" \/>\n<meta property=\"og:site_name\" content=\"CREFITO10\" \/>\n<meta property=\"article:published_time\" content=\"2025-11-27T17:31:12+00:00\" \/>\n<meta property=\"article:modified_time\" content=\"2025-11-27T17:33:41+00:00\" \/>\n<meta property=\"og:image\" content=\"https:\/\/crefito10.org.br\/portal\/wp-content\/uploads\/2025\/11\/foto-unidavi.jpg\" \/>\n\t<meta property=\"og:image:width\" content=\"1080\" \/>\n\t<meta property=\"og:image:height\" content=\"1350\" \/>\n\t<meta property=\"og:image:type\" content=\"image\/jpeg\" \/>\n<meta name=\"author\" content=\"crefito10\" \/>\n<meta name=\"twitter:card\" content=\"summary_large_image\" \/>\n<meta name=\"twitter:label1\" content=\"Escrito por\" \/>\n\t<meta name=\"twitter:data1\" content=\"crefito10\" \/>\n\t<meta name=\"twitter:label2\" content=\"Est. tempo de leitura\" \/>\n\t<meta name=\"twitter:data2\" content=\"1 minuto\" \/>\n<script type=\"application\/ld+json\" class=\"yoast-schema-graph\">{\"@context\":\"https:\\\/\\\/schema.org\",\"@graph\":[{\"@type\":\"Article\",\"@id\":\"https:\\\/\\\/crefito10.org.br\\\/portal\\\/index.php\\\/2025\\\/11\\\/27\\\/crefito-10-prestigia-abertura-do-novo-curso-de-terapia-ocupacional-da-unidavi\\\/#article\",\"isPartOf\":{\"@id\":\"https:\\\/\\\/crefito10.org.br\\\/portal\\\/index.php\\\/2025\\\/11\\\/27\\\/crefito-10-prestigia-abertura-do-novo-curso-de-terapia-ocupacional-da-unidavi\\\/\"},\"author\":{\"name\":\"crefito10\",\"@id\":\"https:\\\/\\\/crefito10.org.br\\\/portal\\\/#\\\/schema\\\/person\\\/165d232f8731d6aaebd67ca88b737384\"},\"headline\":\"CREFITO-10 prestigia abertura do novo curso de Terapia Ocupacional da UNIDAVI\",\"datePublished\":\"2025-11-27T17:31:12+00:00\",\"dateModified\":\"2025-11-27T17:33:41+00:00\",\"mainEntityOfPage\":{\"@id\":\"https:\\\/\\\/crefito10.org.br\\\/portal\\\/index.php\\\/2025\\\/11\\\/27\\\/crefito-10-prestigia-abertura-do-novo-curso-de-terapia-ocupacional-da-unidavi\\\/\"},\"wordCount\":278,\"publisher\":{\"@id\":\"https:\\\/\\\/crefito10.org.br\\\/portal\\\/#organization\"},\"image\":{\"@id\":\"https:\\\/\\\/crefito10.org.br\\\/portal\\\/index.php\\\/2025\\\/11\\\/27\\\/crefito-10-prestigia-abertura-do-novo-curso-de-terapia-ocupacional-da-unidavi\\\/#primaryimage\"},\"thumbnailUrl\":\"https:\\\/\\\/crefito10.org.br\\\/portal\\\/wp-content\\\/uploads\\\/2025\\\/11\\\/foto-unidavi.jpg\",\"inLanguage\":\"pt-BR\"},{\"@type\":\"WebPage\",\"@id\":\"https:\\\/\\\/crefito10.org.br\\\/portal\\\/index.php\\\/2025\\\/11\\\/27\\\/crefito-10-prestigia-abertura-do-novo-curso-de-terapia-ocupacional-da-unidavi\\\/\",\"url\":\"https:\\\/\\\/crefito10.org.br\\\/portal\\\/index.php\\\/2025\\\/11\\\/27\\\/crefito-10-prestigia-abertura-do-novo-curso-de-terapia-ocupacional-da-unidavi\\\/\",\"name\":\"CREFITO-10 prestigia abertura do novo curso de Terapia Ocupacional da UNIDAVI - CREFITO10\",\"isPartOf\":{\"@id\":\"https:\\\/\\\/crefito10.org.br\\\/portal\\\/#website\"},\"primaryImageOfPage\":{\"@id\":\"https:\\\/\\\/crefito10.org.br\\\/portal\\\/index.php\\\/2025\\\/11\\\/27\\\/crefito-10-prestigia-abertura-do-novo-curso-de-terapia-ocupacional-da-unidavi\\\/#primaryimage\"},\"image\":{\"@id\":\"https:\\\/\\\/crefito10.org.br\\\/portal\\\/index.php\\\/2025\\\/11\\\/27\\\/crefito-10-prestigia-abertura-do-novo-curso-de-terapia-ocupacional-da-unidavi\\\/#primaryimage\"},\"thumbnailUrl\":\"https:\\\/\\\/crefito10.org.br\\\/portal\\\/wp-content\\\/uploads\\\/2025\\\/11\\\/foto-unidavi.jpg\",\"datePublished\":\"2025-11-27T17:31:12+00:00\",\"dateModified\":\"2025-11-27T17:33:41+00:00\",\"breadcrumb\":{\"@id\":\"https:\\\/\\\/crefito10.org.br\\\/portal\\\/index.php\\\/2025\\\/11\\\/27\\\/crefito-10-prestigia-abertura-do-novo-curso-de-terapia-ocupacional-da-unidavi\\\/#breadcrumb\"},\"inLanguage\":\"pt-BR\",\"potentialAction\":[{\"@type\":\"ReadAction\",\"target\":[\"https:\\\/\\\/crefito10.org.br\\\/portal\\\/index.php\\\/2025\\\/11\\\/27\\\/crefito-10-prestigia-abertura-do-novo-curso-de-terapia-ocupacional-da-unidavi\\\/\"]}]},{\"@type\":\"ImageObject\",\"inLanguage\":\"pt-BR\",\"@id\":\"https:\\\/\\\/crefito10.org.br\\\/portal\\\/index.php\\\/2025\\\/11\\\/27\\\/crefito-10-prestigia-abertura-do-novo-curso-de-terapia-ocupacional-da-unidavi\\\/#primaryimage\",\"url\":\"https:\\\/\\\/crefito10.org.br\\\/portal\\\/wp-content\\\/uploads\\\/2025\\\/11\\\/foto-unidavi.jpg\",\"contentUrl\":\"https:\\\/\\\/crefito10.org.br\\\/portal\\\/wp-content\\\/uploads\\\/2025\\\/11\\\/foto-unidavi.jpg\",\"width\":1080,\"height\":1350},{\"@type\":\"BreadcrumbList\",\"@id\":\"https:\\\/\\\/crefito10.org.br\\\/portal\\\/index.php\\\/2025\\\/11\\\/27\\\/crefito-10-prestigia-abertura-do-novo-curso-de-terapia-ocupacional-da-unidavi\\\/#breadcrumb\",\"itemListElement\":[{\"@type\":\"ListItem\",\"position\":1,\"name\":\"In\u00edcio\",\"item\":\"https:\\\/\\\/crefito10.org.br\\\/portal\\\/\"},{\"@type\":\"ListItem\",\"position\":2,\"name\":\"CREFITO-10 prestigia abertura do novo curso de Terapia Ocupacional da UNIDAVI\"}]},{\"@type\":\"WebSite\",\"@id\":\"https:\\\/\\\/crefito10.org.br\\\/portal\\\/#website\",\"url\":\"https:\\\/\\\/crefito10.org.br\\\/portal\\\/\",\"name\":\"CREFITO-10\",\"description\":\"\",\"publisher\":{\"@id\":\"https:\\\/\\\/crefito10.org.br\\\/portal\\\/#organization\"},\"potentialAction\":[{\"@type\":\"SearchAction\",\"target\":{\"@type\":\"EntryPoint\",\"urlTemplate\":\"https:\\\/\\\/crefito10.org.br\\\/portal\\\/?s={search_term_string}\"},\"query-input\":{\"@type\":\"PropertyValueSpecification\",\"valueRequired\":true,\"valueName\":\"search_term_string\"}}],\"inLanguage\":\"pt-BR\"},{\"@type\":\"Organization\",\"@id\":\"https:\\\/\\\/crefito10.org.br\\\/portal\\\/#organization\",\"name\":\"CREFITO-10\",\"url\":\"https:\\\/\\\/crefito10.org.br\\\/portal\\\/\",\"logo\":{\"@type\":\"ImageObject\",\"inLanguage\":\"pt-BR\",\"@id\":\"https:\\\/\\\/crefito10.org.br\\\/portal\\\/#\\\/schema\\\/logo\\\/image\\\/\",\"url\":\"https:\\\/\\\/crefito10.org.br\\\/portal\\\/wp-content\\\/uploads\\\/2022\\\/02\\\/WhatsApp-Image-2022-03-11-at-13.34.44-e1648128473135.jpeg\",\"contentUrl\":\"https:\\\/\\\/crefito10.org.br\\\/portal\\\/wp-content\\\/uploads\\\/2022\\\/02\\\/WhatsApp-Image-2022-03-11-at-13.34.44-e1648128473135.jpeg\",\"width\":139,\"height\":25,\"caption\":\"CREFITO-10\"},\"image\":{\"@id\":\"https:\\\/\\\/crefito10.org.br\\\/portal\\\/#\\\/schema\\\/logo\\\/image\\\/\"},\"sameAs\":[\"https:\\\/\\\/www.instagram.com\\\/crefito10\"]},{\"@type\":\"Person\",\"@id\":\"https:\\\/\\\/crefito10.org.br\\\/portal\\\/#\\\/schema\\\/person\\\/165d232f8731d6aaebd67ca88b737384\",\"name\":\"crefito10\",\"sameAs\":[\"http:\\\/\\\/crefito10.org.br\\\/portal\"]}]}<\/script>\n<!-- \/ Yoast SEO plugin. -->","yoast_head_json":{"title":"CREFITO-10 prestigia abertura do novo curso de Terapia Ocupacional da UNIDAVI - CREFITO10","robots":{"index":"index","follow":"follow","max-snippet":"max-snippet:-1","max-image-preview":"max-image-preview:large","max-video-preview":"max-video-preview:-1"},"canonical":"https:\/\/crefito10.org.br\/portal\/index.php\/2025\/11\/27\/crefito-10-prestigia-abertura-do-novo-curso-de-terapia-ocupacional-da-unidavi\/","og_locale":"pt_BR","og_type":"article","og_title":"CREFITO-10 prestigia abertura do novo curso de Terapia Ocupacional da UNIDAVI - CREFITO10","og_description":"O fortalecimento da forma\u00e7\u00e3o em Terapia Ocupacional em Santa Catarina ganhou novo impulso com o lan\u00e7amento oficial da gradua\u00e7\u00e3o presencial na UNIDAVI, realizado na noite de ontem. A presen\u00e7a do [&hellip;]","og_url":"https:\/\/crefito10.org.br\/portal\/index.php\/2025\/11\/27\/crefito-10-prestigia-abertura-do-novo-curso-de-terapia-ocupacional-da-unidavi\/","og_site_name":"CREFITO10","article_published_time":"2025-11-27T17:31:12+00:00","article_modified_time":"2025-11-27T17:33:41+00:00","og_image":[{"width":1080,"height":1350,"url":"https:\/\/crefito10.org.br\/portal\/wp-content\/uploads\/2025\/11\/foto-unidavi.jpg","type":"image\/jpeg"}],"author":"crefito10","twitter_card":"summary_large_image","twitter_misc":{"Escrito por":"crefito10","Est. tempo de leitura":"1 minuto"},"schema":{"@context":"https:\/\/schema.org","@graph":[{"@type":"Article","@id":"https:\/\/crefito10.org.br\/portal\/index.php\/2025\/11\/27\/crefito-10-prestigia-abertura-do-novo-curso-de-terapia-ocupacional-da-unidavi\/#article","isPartOf":{"@id":"https:\/\/crefito10.org.br\/portal\/index.php\/2025\/11\/27\/crefito-10-prestigia-abertura-do-novo-curso-de-terapia-ocupacional-da-unidavi\/"},"author":{"name":"crefito10","@id":"https:\/\/crefito10.org.br\/portal\/#\/schema\/person\/165d232f8731d6aaebd67ca88b737384"},"headline":"CREFITO-10 prestigia abertura do novo curso de Terapia Ocupacional da UNIDAVI","datePublished":"2025-11-27T17:31:12+00:00","dateModified":"2025-11-27T17:33:41+00:00","mainEntityOfPage":{"@id":"https:\/\/crefito10.org.br\/portal\/index.php\/2025\/11\/27\/crefito-10-prestigia-abertura-do-novo-curso-de-terapia-ocupacional-da-unidavi\/"},"wordCount":278,"publisher":{"@id":"https:\/\/crefito10.org.br\/portal\/#organization"},"image":{"@id":"https:\/\/crefito10.org.br\/portal\/index.php\/2025\/11\/27\/crefito-10-prestigia-abertura-do-novo-curso-de-terapia-ocupacional-da-unidavi\/#primaryimage"},"thumbnailUrl":"https:\/\/crefito10.org.br\/portal\/wp-content\/uploads\/2025\/11\/foto-unidavi.jpg","inLanguage":"pt-BR"},{"@type":"WebPage","@id":"https:\/\/crefito10.org.br\/portal\/index.php\/2025\/11\/27\/crefito-10-prestigia-abertura-do-novo-curso-de-terapia-ocupacional-da-unidavi\/","url":"https:\/\/crefito10.org.br\/portal\/index.php\/2025\/11\/27\/crefito-10-prestigia-abertura-do-novo-curso-de-terapia-ocupacional-da-unidavi\/","name":"CREFITO-10 prestigia abertura do novo curso de Terapia Ocupacional da UNIDAVI - CREFITO10","isPartOf":{"@id":"https:\/\/crefito10.org.br\/portal\/#website"},"primaryImageOfPage":{"@id":"https:\/\/crefito10.org.br\/portal\/index.php\/2025\/11\/27\/crefito-10-prestigia-abertura-do-novo-curso-de-terapia-ocupacional-da-unidavi\/#primaryimage"},"image":{"@id":"https:\/\/crefito10.org.br\/portal\/index.php\/2025\/11\/27\/crefito-10-prestigia-abertura-do-novo-curso-de-terapia-ocupacional-da-unidavi\/#primaryimage"},"thumbnailUrl":"https:\/\/crefito10.org.br\/portal\/wp-content\/uploads\/2025\/11\/foto-unidavi.jpg","datePublished":"2025-11-27T17:31:12+00:00","dateModified":"2025-11-27T17:33:41+00:00","breadcrumb":{"@id":"https:\/\/crefito10.org.br\/portal\/index.php\/2025\/11\/27\/crefito-10-prestigia-abertura-do-novo-curso-de-terapia-ocupacional-da-unidavi\/#breadcrumb"},"inLanguage":"pt-BR","potentialAction":[{"@type":"ReadAction","target":["https:\/\/crefito10.org.br\/portal\/index.php\/2025\/11\/27\/crefito-10-prestigia-abertura-do-novo-curso-de-terapia-ocupacional-da-unidavi\/"]}]},{"@type":"ImageObject","inLanguage":"pt-BR","@id":"https:\/\/crefito10.org.br\/portal\/index.php\/2025\/11\/27\/crefito-10-prestigia-abertura-do-novo-curso-de-terapia-ocupacional-da-unidavi\/#primaryimage","url":"https:\/\/crefito10.org.br\/portal\/wp-content\/uploads\/2025\/11\/foto-unidavi.jpg","contentUrl":"https:\/\/crefito10.org.br\/portal\/wp-content\/uploads\/2025\/11\/foto-unidavi.jpg","width":1080,"height":1350},{"@type":"BreadcrumbList","@id":"https:\/\/crefito10.org.br\/portal\/index.php\/2025\/11\/27\/crefito-10-prestigia-abertura-do-novo-curso-de-terapia-ocupacional-da-unidavi\/#breadcrumb","itemListElement":[{"@type":"ListItem","position":1,"name":"In\u00edcio","item":"https:\/\/crefito10.org.br\/portal\/"},{"@type":"ListItem","position":2,"name":"CREFITO-10 prestigia abertura do novo curso de Terapia Ocupacional da UNIDAVI"}]},{"@type":"WebSite","@id":"https:\/\/crefito10.org.br\/portal\/#website","url":"https:\/\/crefito10.org.br\/portal\/","name":"CREFITO-10","description":"","publisher":{"@id":"https:\/\/crefito10.org.br\/portal\/#organization"},"potentialAction":[{"@type":"SearchAction","target":{"@type":"EntryPoint","urlTemplate":"https:\/\/crefito10.org.br\/portal\/?s={search_term_string}"},"query-input":{"@type":"PropertyValueSpecification","valueRequired":true,"valueName":"search_term_string"}}],"inLanguage":"pt-BR"},{"@type":"Organization","@id":"https:\/\/crefito10.org.br\/portal\/#organization","name":"CREFITO-10","url":"https:\/\/crefito10.org.br\/portal\/","logo":{"@type":"ImageObject","inLanguage":"pt-BR","@id":"https:\/\/crefito10.org.br\/portal\/#\/schema\/logo\/image\/","url":"https:\/\/crefito10.org.br\/portal\/wp-content\/uploads\/2022\/02\/WhatsApp-Image-2022-03-11-at-13.34.44-e1648128473135.jpeg","contentUrl":"https:\/\/crefito10.org.br\/portal\/wp-content\/uploads\/2022\/02\/WhatsApp-Image-2022-03-11-at-13.34.44-e1648128473135.jpeg","width":139,"height":25,"caption":"CREFITO-10"},"image":{"@id":"https:\/\/crefito10.org.br\/portal\/#\/schema\/logo\/image\/"},"sameAs":["https:\/\/www.instagram.com\/crefito10"]},{"@type":"Person","@id":"https:\/\/crefito10.org.br\/portal\/#\/schema\/person\/165d232f8731d6aaebd67ca88b737384","name":"crefito10","sameAs":["http:\/\/crefito10.org.br\/portal"]}]}},"_links":{"self":[{"href":"https:\/\/crefito10.org.br\/portal\/index.php\/wp-json\/wp\/v2\/posts\/6334","targetHints":{"allow":["GET"]}}],"collection":[{"href":"https:\/\/crefito10.org.br\/portal\/index.php\/wp-json\/wp\/v2\/posts"}],"about":[{"href":"https:\/\/crefito10.org.br\/portal\/index.php\/wp-json\/wp\/v2\/types\/post"}],"author":[{"embeddable":true,"href":"https:\/\/crefito10.org.br\/portal\/index.php\/wp-json\/wp\/v2\/users\/1"}],"replies":[{"embeddable":true,"href":"https:\/\/crefito10.org.br\/portal\/index.php\/wp-json\/wp\/v2\/comments?post=6334"}],"version-history":[{"count":3,"href":"https:\/\/crefito10.org.br\/portal\/index.php\/wp-json\/wp\/v2\/posts\/6334\/revisions"}],"predecessor-version":[{"id":6338,"href":"https:\/\/crefito10.org.br\/portal\/index.php\/wp-json\/wp\/v2\/posts\/6334\/revisions\/6338"}],"wp:featuredmedia":[{"embeddable":true,"href":"https:\/\/crefito10.org.br\/portal\/index.php\/wp-json\/wp\/v2\/media\/6337"}],"wp:attachment":[{"href":"https:\/\/crefito10.org.br\/portal\/index.php\/wp-json\/wp\/v2\/media?parent=6334"}],"wp:term":[{"taxonomy":"category","embeddable":true,"href":"https:\/\/crefito10.org.br\/portal\/index.php\/wp-json\/wp\/v2\/categories?post=6334"},{"taxonomy":"post_tag","embeddable":true,"href":"https:\/\/crefito10.org.br\/portal\/index.php\/wp-json\/wp\/v2\/tags?post=6334"}],"curies":[{"name":"wp","href":"https:\/\/api.w.org\/{rel}","templated":true}]}}