{"id":6112,"date":"2025-09-29T14:36:20","date_gmt":"2025-09-29T17:36:20","guid":{"rendered":"https:\/\/crefito10.org.br\/portal\/?p=6112"},"modified":"2025-09-29T14:36:20","modified_gmt":"2025-09-29T17:36:20","slug":"um-novo-ciclo-tem-inicio-no-crefito-10","status":"publish","type":"post","link":"https:\/\/crefito10.org.br\/portal\/index.php\/2025\/09\/29\/um-novo-ciclo-tem-inicio-no-crefito-10\/","title":{"rendered":"Um novo ciclo tem in\u00edcio no CREFITO-10!"},"content":{"rendered":"\n<p>Ontem, dia 28 de setembro de 2025, a sede do Conselho, em Florian\u00f3polis\/SC, foi palco da Reuni\u00e3o Plen\u00e1ria de Posse da nova gest\u00e3o eleita para o quadri\u00eanio 2025\u20132029, marcando o in\u00edcio de uma nova etapa de trabalho em defesa da sociedade catarinense e do fortalecimento da Fisioterapia e da Terapia Ocupacional.<\/p>\n\n\n\n<figure class=\"wp-block-image size-large\"><img fetchpriority=\"high\" decoding=\"async\" width=\"819\" height=\"1024\" src=\"https:\/\/crefito10.org.br\/portal\/wp-content\/uploads\/2025\/09\/foto-diplomacao-gestao-25-29-819x1024.jpg\" alt=\"\" class=\"wp-image-6113\" srcset=\"https:\/\/crefito10.org.br\/portal\/wp-content\/uploads\/2025\/09\/foto-diplomacao-gestao-25-29-819x1024.jpg 819w, https:\/\/crefito10.org.br\/portal\/wp-content\/uploads\/2025\/09\/foto-diplomacao-gestao-25-29-240x300.jpg 240w, https:\/\/crefito10.org.br\/portal\/wp-content\/uploads\/2025\/09\/foto-diplomacao-gestao-25-29-768x960.jpg 768w, https:\/\/crefito10.org.br\/portal\/wp-content\/uploads\/2025\/09\/foto-diplomacao-gestao-25-29.jpg 1080w\" sizes=\"(max-width: 819px) 100vw, 819px\" \/><\/figure>\n\n\n\n<p>A solenidade contou com a presen\u00e7a do Dr. Sandroval Francisco Torres, Presidente do COFFITO, que conduziu os trabalhos de posse da Chapa 01 \u2013 \u201cIntegrar, Inovar e Avan\u00e7ar\u201d, vencedora do pleito realizado em 4 de junho de 2025.<\/p>\n\n\n\n<p>Tomaram posse como Conselheiros Efetivos:<br>Adriano Slongo (CREFITO-10 n.\u00ba 54.684-F)<br>Andr\u00e9 Cruz (CREFITO-10 n.\u00ba 113.258-F)<br>Dolores Lopes Lescowicz (CREFITO-10 n.\u00ba 4.834-TO)<br>Eduardo Stefano Benedet (CREFITO-10 n.\u00ba 117.517-F)<br>Lauro Schlichting Junior (CREFITO-10 n.\u00ba 16.725-F)<br>Luciana Staut Ayres de Souza (CREFITO-10 n.\u00ba 6.150-TO)<br>Lu\u00edza Martins Faria (CREFITO-10 n.\u00ba 112.235-F)<br>Maristela Vieira (CREFITO-10 n.\u00ba 9.631-TO)<br>Wagner Cruz Haun (CREFITO-10 n.\u00ba 161.960-F)<\/p>\n\n\n\n<p>E como Conselheiros Suplentes:<br>Adriana Fassbinder Dessuy (CREFITO-10 n.\u00ba 84.126-F)<br>Adriano Rodycz (CREFITO-10 n.\u00ba 215.377-F)<br>Ariete In\u00eas Minetto (CREFITO-10 n.\u00ba 22.328-F)<br>Caroline de Souza Mattos (CREFITO-10 n.\u00ba 5.993-TO)<br>Gisele do Amaral Lima (CREFITO-10 n.\u00ba 11.277-TO)<br>Juliano Tibola (CREFITO-10 n.\u00ba 31.329-F)<br>Mar\u00edlia Nunes Godinho (CREFITO-10 n.\u00ba 218.005-F)<br>Priscila Peres Canto (CREFITO-10 n.\u00ba 120.703-F)<br>Rafael Ferreira Borges (CREFITO-10 n.\u00ba 12.205-TO)<\/p>\n\n\n\n<p>Na ocasi\u00e3o, foi realizada a elei\u00e7\u00e3o dos cargos da Diretoria e demais fun\u00e7\u00f5es regimentais, resultando na seguinte composi\u00e7\u00e3o:<\/p>\n\n\n\n<p>Presidente: Dr. Andr\u00e9 Cruz (CREFITO-10 n.\u00ba 113.258-F)<br>Vice-Presidente: Dra. Luciana Staut Ayres de Souza (CREFITO-10 n.\u00ba 6.150-TO)<br>Diretor-Tesoureiro: Dr. Lauro Schlichting Junior (CREFITO-10 n.\u00ba 16.725-F)<br>Diretor-Secret\u00e1rio: Dr. Adriano Slongo (CREFITO-10 n.\u00ba 54.684-F)<br>Delegado Eleitoral: Dr. Andr\u00e9 Cruz (titular) e Dr. Lauro Schlichting Junior (suplente)<br>Presidente da Controladoria: Dra. Maristela Vieira (CREFITO-10 n.\u00ba 9.631-TO)<\/p>\n\n\n\n<p>\ud83e\udd1d O CREFITO-10 reafirma seu compromisso com a defesa da sociedade, a valoriza\u00e7\u00e3o da Fisioterapia e da Terapia Ocupacional e a atua\u00e7\u00e3o \u00e9tica e respons\u00e1vel em Santa Catarina.<\/p>\n","protected":false},"excerpt":{"rendered":"<p>Ontem, dia 28 de setembro de 2025, a sede do Conselho, em Florian\u00f3polis\/SC, foi palco da Reuni\u00e3o Plen\u00e1ria de Posse da nova gest\u00e3o eleita para o quadri\u00eanio 2025\u20132029, marcando o [&hellip;]<\/p>\n","protected":false},"author":1,"featured_media":6113,"comment_status":"closed","ping_status":"closed","sticky":false,"template":"","format":"standard","meta":{"footnotes":""},"categories":[1],"tags":[],"class_list":["post-6112","post","type-post","status-publish","format-standard","has-post-thumbnail","hentry","category-sem-categoria"],"yoast_head":"<!-- This site is optimized with the Yoast SEO plugin v27.5 - https:\/\/yoast.com\/product\/yoast-seo-wordpress\/ -->\n<title>Um novo ciclo tem in\u00edcio no CREFITO-10! - CREFITO10<\/title>\n<meta name=\"robots\" content=\"index, follow, max-snippet:-1, max-image-preview:large, max-video-preview:-1\" \/>\n<link rel=\"canonical\" href=\"https:\/\/crefito10.org.br\/portal\/index.php\/2025\/09\/29\/um-novo-ciclo-tem-inicio-no-crefito-10\/\" \/>\n<meta property=\"og:locale\" content=\"pt_BR\" \/>\n<meta property=\"og:type\" content=\"article\" \/>\n<meta property=\"og:title\" content=\"Um novo ciclo tem in\u00edcio no CREFITO-10! - CREFITO10\" \/>\n<meta property=\"og:description\" content=\"Ontem, dia 28 de setembro de 2025, a sede do Conselho, em Florian\u00f3polis\/SC, foi palco da Reuni\u00e3o Plen\u00e1ria de Posse da nova gest\u00e3o eleita para o quadri\u00eanio 2025\u20132029, marcando o [&hellip;]\" \/>\n<meta property=\"og:url\" content=\"https:\/\/crefito10.org.br\/portal\/index.php\/2025\/09\/29\/um-novo-ciclo-tem-inicio-no-crefito-10\/\" \/>\n<meta property=\"og:site_name\" content=\"CREFITO10\" \/>\n<meta property=\"article:published_time\" content=\"2025-09-29T17:36:20+00:00\" \/>\n<meta property=\"og:image\" content=\"https:\/\/crefito10.org.br\/portal\/wp-content\/uploads\/2025\/09\/foto-diplomacao-gestao-25-29.jpg\" \/>\n\t<meta property=\"og:image:width\" content=\"1080\" \/>\n\t<meta property=\"og:image:height\" content=\"1350\" \/>\n\t<meta property=\"og:image:type\" content=\"image\/jpeg\" \/>\n<meta name=\"author\" content=\"crefito10\" \/>\n<meta name=\"twitter:card\" content=\"summary_large_image\" \/>\n<meta name=\"twitter:label1\" content=\"Escrito por\" \/>\n\t<meta name=\"twitter:data1\" content=\"crefito10\" \/>\n\t<meta name=\"twitter:label2\" content=\"Est. tempo de leitura\" \/>\n\t<meta name=\"twitter:data2\" content=\"2 minutos\" \/>\n<script type=\"application\/ld+json\" class=\"yoast-schema-graph\">{\"@context\":\"https:\\\/\\\/schema.org\",\"@graph\":[{\"@type\":\"Article\",\"@id\":\"https:\\\/\\\/crefito10.org.br\\\/portal\\\/index.php\\\/2025\\\/09\\\/29\\\/um-novo-ciclo-tem-inicio-no-crefito-10\\\/#article\",\"isPartOf\":{\"@id\":\"https:\\\/\\\/crefito10.org.br\\\/portal\\\/index.php\\\/2025\\\/09\\\/29\\\/um-novo-ciclo-tem-inicio-no-crefito-10\\\/\"},\"author\":{\"name\":\"crefito10\",\"@id\":\"https:\\\/\\\/crefito10.org.br\\\/portal\\\/#\\\/schema\\\/person\\\/165d232f8731d6aaebd67ca88b737384\"},\"headline\":\"Um novo ciclo tem in\u00edcio no CREFITO-10!\",\"datePublished\":\"2025-09-29T17:36:20+00:00\",\"mainEntityOfPage\":{\"@id\":\"https:\\\/\\\/crefito10.org.br\\\/portal\\\/index.php\\\/2025\\\/09\\\/29\\\/um-novo-ciclo-tem-inicio-no-crefito-10\\\/\"},\"wordCount\":324,\"publisher\":{\"@id\":\"https:\\\/\\\/crefito10.org.br\\\/portal\\\/#organization\"},\"image\":{\"@id\":\"https:\\\/\\\/crefito10.org.br\\\/portal\\\/index.php\\\/2025\\\/09\\\/29\\\/um-novo-ciclo-tem-inicio-no-crefito-10\\\/#primaryimage\"},\"thumbnailUrl\":\"https:\\\/\\\/crefito10.org.br\\\/portal\\\/wp-content\\\/uploads\\\/2025\\\/09\\\/foto-diplomacao-gestao-25-29.jpg\",\"inLanguage\":\"pt-BR\"},{\"@type\":\"WebPage\",\"@id\":\"https:\\\/\\\/crefito10.org.br\\\/portal\\\/index.php\\\/2025\\\/09\\\/29\\\/um-novo-ciclo-tem-inicio-no-crefito-10\\\/\",\"url\":\"https:\\\/\\\/crefito10.org.br\\\/portal\\\/index.php\\\/2025\\\/09\\\/29\\\/um-novo-ciclo-tem-inicio-no-crefito-10\\\/\",\"name\":\"Um novo ciclo tem in\u00edcio no CREFITO-10! - CREFITO10\",\"isPartOf\":{\"@id\":\"https:\\\/\\\/crefito10.org.br\\\/portal\\\/#website\"},\"primaryImageOfPage\":{\"@id\":\"https:\\\/\\\/crefito10.org.br\\\/portal\\\/index.php\\\/2025\\\/09\\\/29\\\/um-novo-ciclo-tem-inicio-no-crefito-10\\\/#primaryimage\"},\"image\":{\"@id\":\"https:\\\/\\\/crefito10.org.br\\\/portal\\\/index.php\\\/2025\\\/09\\\/29\\\/um-novo-ciclo-tem-inicio-no-crefito-10\\\/#primaryimage\"},\"thumbnailUrl\":\"https:\\\/\\\/crefito10.org.br\\\/portal\\\/wp-content\\\/uploads\\\/2025\\\/09\\\/foto-diplomacao-gestao-25-29.jpg\",\"datePublished\":\"2025-09-29T17:36:20+00:00\",\"breadcrumb\":{\"@id\":\"https:\\\/\\\/crefito10.org.br\\\/portal\\\/index.php\\\/2025\\\/09\\\/29\\\/um-novo-ciclo-tem-inicio-no-crefito-10\\\/#breadcrumb\"},\"inLanguage\":\"pt-BR\",\"potentialAction\":[{\"@type\":\"ReadAction\",\"target\":[\"https:\\\/\\\/crefito10.org.br\\\/portal\\\/index.php\\\/2025\\\/09\\\/29\\\/um-novo-ciclo-tem-inicio-no-crefito-10\\\/\"]}]},{\"@type\":\"ImageObject\",\"inLanguage\":\"pt-BR\",\"@id\":\"https:\\\/\\\/crefito10.org.br\\\/portal\\\/index.php\\\/2025\\\/09\\\/29\\\/um-novo-ciclo-tem-inicio-no-crefito-10\\\/#primaryimage\",\"url\":\"https:\\\/\\\/crefito10.org.br\\\/portal\\\/wp-content\\\/uploads\\\/2025\\\/09\\\/foto-diplomacao-gestao-25-29.jpg\",\"contentUrl\":\"https:\\\/\\\/crefito10.org.br\\\/portal\\\/wp-content\\\/uploads\\\/2025\\\/09\\\/foto-diplomacao-gestao-25-29.jpg\",\"width\":1080,\"height\":1350},{\"@type\":\"BreadcrumbList\",\"@id\":\"https:\\\/\\\/crefito10.org.br\\\/portal\\\/index.php\\\/2025\\\/09\\\/29\\\/um-novo-ciclo-tem-inicio-no-crefito-10\\\/#breadcrumb\",\"itemListElement\":[{\"@type\":\"ListItem\",\"position\":1,\"name\":\"In\u00edcio\",\"item\":\"https:\\\/\\\/crefito10.org.br\\\/portal\\\/\"},{\"@type\":\"ListItem\",\"position\":2,\"name\":\"Um novo ciclo tem in\u00edcio no CREFITO-10!\"}]},{\"@type\":\"WebSite\",\"@id\":\"https:\\\/\\\/crefito10.org.br\\\/portal\\\/#website\",\"url\":\"https:\\\/\\\/crefito10.org.br\\\/portal\\\/\",\"name\":\"CREFITO-10\",\"description\":\"\",\"publisher\":{\"@id\":\"https:\\\/\\\/crefito10.org.br\\\/portal\\\/#organization\"},\"potentialAction\":[{\"@type\":\"SearchAction\",\"target\":{\"@type\":\"EntryPoint\",\"urlTemplate\":\"https:\\\/\\\/crefito10.org.br\\\/portal\\\/?s={search_term_string}\"},\"query-input\":{\"@type\":\"PropertyValueSpecification\",\"valueRequired\":true,\"valueName\":\"search_term_string\"}}],\"inLanguage\":\"pt-BR\"},{\"@type\":\"Organization\",\"@id\":\"https:\\\/\\\/crefito10.org.br\\\/portal\\\/#organization\",\"name\":\"CREFITO-10\",\"url\":\"https:\\\/\\\/crefito10.org.br\\\/portal\\\/\",\"logo\":{\"@type\":\"ImageObject\",\"inLanguage\":\"pt-BR\",\"@id\":\"https:\\\/\\\/crefito10.org.br\\\/portal\\\/#\\\/schema\\\/logo\\\/image\\\/\",\"url\":\"https:\\\/\\\/crefito10.org.br\\\/portal\\\/wp-content\\\/uploads\\\/2022\\\/02\\\/WhatsApp-Image-2022-03-11-at-13.34.44-e1648128473135.jpeg\",\"contentUrl\":\"https:\\\/\\\/crefito10.org.br\\\/portal\\\/wp-content\\\/uploads\\\/2022\\\/02\\\/WhatsApp-Image-2022-03-11-at-13.34.44-e1648128473135.jpeg\",\"width\":139,\"height\":25,\"caption\":\"CREFITO-10\"},\"image\":{\"@id\":\"https:\\\/\\\/crefito10.org.br\\\/portal\\\/#\\\/schema\\\/logo\\\/image\\\/\"},\"sameAs\":[\"https:\\\/\\\/www.instagram.com\\\/crefito10\"]},{\"@type\":\"Person\",\"@id\":\"https:\\\/\\\/crefito10.org.br\\\/portal\\\/#\\\/schema\\\/person\\\/165d232f8731d6aaebd67ca88b737384\",\"name\":\"crefito10\",\"sameAs\":[\"http:\\\/\\\/crefito10.org.br\\\/portal\"]}]}<\/script>\n<!-- \/ Yoast SEO plugin. -->","yoast_head_json":{"title":"Um novo ciclo tem in\u00edcio no CREFITO-10! - CREFITO10","robots":{"index":"index","follow":"follow","max-snippet":"max-snippet:-1","max-image-preview":"max-image-preview:large","max-video-preview":"max-video-preview:-1"},"canonical":"https:\/\/crefito10.org.br\/portal\/index.php\/2025\/09\/29\/um-novo-ciclo-tem-inicio-no-crefito-10\/","og_locale":"pt_BR","og_type":"article","og_title":"Um novo ciclo tem in\u00edcio no CREFITO-10! - CREFITO10","og_description":"Ontem, dia 28 de setembro de 2025, a sede do Conselho, em Florian\u00f3polis\/SC, foi palco da Reuni\u00e3o Plen\u00e1ria de Posse da nova gest\u00e3o eleita para o quadri\u00eanio 2025\u20132029, marcando o [&hellip;]","og_url":"https:\/\/crefito10.org.br\/portal\/index.php\/2025\/09\/29\/um-novo-ciclo-tem-inicio-no-crefito-10\/","og_site_name":"CREFITO10","article_published_time":"2025-09-29T17:36:20+00:00","og_image":[{"width":1080,"height":1350,"url":"https:\/\/crefito10.org.br\/portal\/wp-content\/uploads\/2025\/09\/foto-diplomacao-gestao-25-29.jpg","type":"image\/jpeg"}],"author":"crefito10","twitter_card":"summary_large_image","twitter_misc":{"Escrito por":"crefito10","Est. tempo de leitura":"2 minutos"},"schema":{"@context":"https:\/\/schema.org","@graph":[{"@type":"Article","@id":"https:\/\/crefito10.org.br\/portal\/index.php\/2025\/09\/29\/um-novo-ciclo-tem-inicio-no-crefito-10\/#article","isPartOf":{"@id":"https:\/\/crefito10.org.br\/portal\/index.php\/2025\/09\/29\/um-novo-ciclo-tem-inicio-no-crefito-10\/"},"author":{"name":"crefito10","@id":"https:\/\/crefito10.org.br\/portal\/#\/schema\/person\/165d232f8731d6aaebd67ca88b737384"},"headline":"Um novo ciclo tem in\u00edcio no CREFITO-10!","datePublished":"2025-09-29T17:36:20+00:00","mainEntityOfPage":{"@id":"https:\/\/crefito10.org.br\/portal\/index.php\/2025\/09\/29\/um-novo-ciclo-tem-inicio-no-crefito-10\/"},"wordCount":324,"publisher":{"@id":"https:\/\/crefito10.org.br\/portal\/#organization"},"image":{"@id":"https:\/\/crefito10.org.br\/portal\/index.php\/2025\/09\/29\/um-novo-ciclo-tem-inicio-no-crefito-10\/#primaryimage"},"thumbnailUrl":"https:\/\/crefito10.org.br\/portal\/wp-content\/uploads\/2025\/09\/foto-diplomacao-gestao-25-29.jpg","inLanguage":"pt-BR"},{"@type":"WebPage","@id":"https:\/\/crefito10.org.br\/portal\/index.php\/2025\/09\/29\/um-novo-ciclo-tem-inicio-no-crefito-10\/","url":"https:\/\/crefito10.org.br\/portal\/index.php\/2025\/09\/29\/um-novo-ciclo-tem-inicio-no-crefito-10\/","name":"Um novo ciclo tem in\u00edcio no CREFITO-10! - CREFITO10","isPartOf":{"@id":"https:\/\/crefito10.org.br\/portal\/#website"},"primaryImageOfPage":{"@id":"https:\/\/crefito10.org.br\/portal\/index.php\/2025\/09\/29\/um-novo-ciclo-tem-inicio-no-crefito-10\/#primaryimage"},"image":{"@id":"https:\/\/crefito10.org.br\/portal\/index.php\/2025\/09\/29\/um-novo-ciclo-tem-inicio-no-crefito-10\/#primaryimage"},"thumbnailUrl":"https:\/\/crefito10.org.br\/portal\/wp-content\/uploads\/2025\/09\/foto-diplomacao-gestao-25-29.jpg","datePublished":"2025-09-29T17:36:20+00:00","breadcrumb":{"@id":"https:\/\/crefito10.org.br\/portal\/index.php\/2025\/09\/29\/um-novo-ciclo-tem-inicio-no-crefito-10\/#breadcrumb"},"inLanguage":"pt-BR","potentialAction":[{"@type":"ReadAction","target":["https:\/\/crefito10.org.br\/portal\/index.php\/2025\/09\/29\/um-novo-ciclo-tem-inicio-no-crefito-10\/"]}]},{"@type":"ImageObject","inLanguage":"pt-BR","@id":"https:\/\/crefito10.org.br\/portal\/index.php\/2025\/09\/29\/um-novo-ciclo-tem-inicio-no-crefito-10\/#primaryimage","url":"https:\/\/crefito10.org.br\/portal\/wp-content\/uploads\/2025\/09\/foto-diplomacao-gestao-25-29.jpg","contentUrl":"https:\/\/crefito10.org.br\/portal\/wp-content\/uploads\/2025\/09\/foto-diplomacao-gestao-25-29.jpg","width":1080,"height":1350},{"@type":"BreadcrumbList","@id":"https:\/\/crefito10.org.br\/portal\/index.php\/2025\/09\/29\/um-novo-ciclo-tem-inicio-no-crefito-10\/#breadcrumb","itemListElement":[{"@type":"ListItem","position":1,"name":"In\u00edcio","item":"https:\/\/crefito10.org.br\/portal\/"},{"@type":"ListItem","position":2,"name":"Um novo ciclo tem in\u00edcio no CREFITO-10!"}]},{"@type":"WebSite","@id":"https:\/\/crefito10.org.br\/portal\/#website","url":"https:\/\/crefito10.org.br\/portal\/","name":"CREFITO-10","description":"","publisher":{"@id":"https:\/\/crefito10.org.br\/portal\/#organization"},"potentialAction":[{"@type":"SearchAction","target":{"@type":"EntryPoint","urlTemplate":"https:\/\/crefito10.org.br\/portal\/?s={search_term_string}"},"query-input":{"@type":"PropertyValueSpecification","valueRequired":true,"valueName":"search_term_string"}}],"inLanguage":"pt-BR"},{"@type":"Organization","@id":"https:\/\/crefito10.org.br\/portal\/#organization","name":"CREFITO-10","url":"https:\/\/crefito10.org.br\/portal\/","logo":{"@type":"ImageObject","inLanguage":"pt-BR","@id":"https:\/\/crefito10.org.br\/portal\/#\/schema\/logo\/image\/","url":"https:\/\/crefito10.org.br\/portal\/wp-content\/uploads\/2022\/02\/WhatsApp-Image-2022-03-11-at-13.34.44-e1648128473135.jpeg","contentUrl":"https:\/\/crefito10.org.br\/portal\/wp-content\/uploads\/2022\/02\/WhatsApp-Image-2022-03-11-at-13.34.44-e1648128473135.jpeg","width":139,"height":25,"caption":"CREFITO-10"},"image":{"@id":"https:\/\/crefito10.org.br\/portal\/#\/schema\/logo\/image\/"},"sameAs":["https:\/\/www.instagram.com\/crefito10"]},{"@type":"Person","@id":"https:\/\/crefito10.org.br\/portal\/#\/schema\/person\/165d232f8731d6aaebd67ca88b737384","name":"crefito10","sameAs":["http:\/\/crefito10.org.br\/portal"]}]}},"_links":{"self":[{"href":"https:\/\/crefito10.org.br\/portal\/index.php\/wp-json\/wp\/v2\/posts\/6112","targetHints":{"allow":["GET"]}}],"collection":[{"href":"https:\/\/crefito10.org.br\/portal\/index.php\/wp-json\/wp\/v2\/posts"}],"about":[{"href":"https:\/\/crefito10.org.br\/portal\/index.php\/wp-json\/wp\/v2\/types\/post"}],"author":[{"embeddable":true,"href":"https:\/\/crefito10.org.br\/portal\/index.php\/wp-json\/wp\/v2\/users\/1"}],"replies":[{"embeddable":true,"href":"https:\/\/crefito10.org.br\/portal\/index.php\/wp-json\/wp\/v2\/comments?post=6112"}],"version-history":[{"count":1,"href":"https:\/\/crefito10.org.br\/portal\/index.php\/wp-json\/wp\/v2\/posts\/6112\/revisions"}],"predecessor-version":[{"id":6114,"href":"https:\/\/crefito10.org.br\/portal\/index.php\/wp-json\/wp\/v2\/posts\/6112\/revisions\/6114"}],"wp:featuredmedia":[{"embeddable":true,"href":"https:\/\/crefito10.org.br\/portal\/index.php\/wp-json\/wp\/v2\/media\/6113"}],"wp:attachment":[{"href":"https:\/\/crefito10.org.br\/portal\/index.php\/wp-json\/wp\/v2\/media?parent=6112"}],"wp:term":[{"taxonomy":"category","embeddable":true,"href":"https:\/\/crefito10.org.br\/portal\/index.php\/wp-json\/wp\/v2\/categories?post=6112"},{"taxonomy":"post_tag","embeddable":true,"href":"https:\/\/crefito10.org.br\/portal\/index.php\/wp-json\/wp\/v2\/tags?post=6112"}],"curies":[{"name":"wp","href":"https:\/\/api.w.org\/{rel}","templated":true}]}}