{"id":5729,"date":"2025-07-17T11:24:59","date_gmt":"2025-07-17T14:24:59","guid":{"rendered":"https:\/\/crefito10.org.br\/portal\/?p=5729"},"modified":"2025-07-17T11:25:40","modified_gmt":"2025-07-17T14:25:40","slug":"crefito-10-propoe-abertura-de-curso-de-terapia-ocupacional-na-udesc-cefid","status":"publish","type":"post","link":"https:\/\/crefito10.org.br\/portal\/index.php\/2025\/07\/17\/crefito-10-propoe-abertura-de-curso-de-terapia-ocupacional-na-udesc-cefid\/","title":{"rendered":"CREFITO-10 prop\u00f5e abertura de curso de Terapia Ocupacional na UDESC CEFID"},"content":{"rendered":"\n<p>Iniciativa integra as a\u00e7\u00f5es do Programa Avan\u00e7a Terapia Ocupacional<\/p>\n\n\n\n<p>Em mais um importante passo para o fortalecimento e valoriza\u00e7\u00e3o da Terapia Ocupacional em Santa Catarina, o CREFITO-10 esteve reunido, no dia 16 de julho, com a dire\u00e7\u00e3o do Centro de Ci\u00eancias da Sa\u00fade e do Esporte (CEFID), da Universidade do Estado de Santa Catarina (UDESC), no Bairro Coqueiros, em Florian\u00f3polis.<\/p>\n\n\n\n<figure class=\"wp-block-image size-large\"><img fetchpriority=\"high\" decoding=\"async\" width=\"1024\" height=\"1024\" src=\"https:\/\/crefito10.org.br\/portal\/wp-content\/uploads\/2025\/07\/crefito-10-cefid-curso-terapia-ocupacional-1024x1024.jpg\" alt=\"\" class=\"wp-image-5730\" srcset=\"https:\/\/crefito10.org.br\/portal\/wp-content\/uploads\/2025\/07\/crefito-10-cefid-curso-terapia-ocupacional-1024x1024.jpg 1024w, https:\/\/crefito10.org.br\/portal\/wp-content\/uploads\/2025\/07\/crefito-10-cefid-curso-terapia-ocupacional-300x300.jpg 300w, https:\/\/crefito10.org.br\/portal\/wp-content\/uploads\/2025\/07\/crefito-10-cefid-curso-terapia-ocupacional-150x150.jpg 150w, https:\/\/crefito10.org.br\/portal\/wp-content\/uploads\/2025\/07\/crefito-10-cefid-curso-terapia-ocupacional-768x768.jpg 768w, https:\/\/crefito10.org.br\/portal\/wp-content\/uploads\/2025\/07\/crefito-10-cefid-curso-terapia-ocupacional.jpg 1080w\" sizes=\"(max-width: 1024px) 100vw, 1024px\" \/><\/figure>\n\n\n\n<p>Na ocasi\u00e3o, o presidente do CREFITO-10, Dr. Andr\u00e9 Cruz, Fisioterapeuta egresso da UDESC CEFID e coordenador do Programa Avan\u00e7a Terapia Ocupacional, apresentou formalmente \u00e0 diretora-geral da institui\u00e7\u00e3o, Profa. Suzana Matheus Pereira, a solicita\u00e7\u00e3o para a abertura de um curso de gradua\u00e7\u00e3o em Terapia Ocupacional na universidade.<\/p>\n\n\n\n<p>A reuni\u00e3o contou com a presen\u00e7a do comit\u00ea gestor do Programa Avan\u00e7a Terapia Ocupacional, Dra. Gisele Lima &#8211; conselheira do CREFITO-10 e Terapeuta Ocupacional e Sra. Carla Bacila Sade &#8211; assessora geral da autarquia.<\/p>\n\n\n\n<p>Uma demanda urgente para a sociedade catarinense<br>A proposta \u00e9 motivada por uma demanda crescente de munic\u00edpios catarinenses, especialmente no que diz respeito \u00e0 necessidade de profissionais capacitados para atuar em pol\u00edticas p\u00fablicas de sa\u00fade, assist\u00eancia social, acessibilidade nas escolas e inclus\u00e3o social.<\/p>\n\n\n\n<p>\u201cA aus\u00eancia de cursos de gradua\u00e7\u00e3o em Terapia Ocupacional na regi\u00e3o da Grande Florian\u00f3polis tem gerado um v\u00e1cuo na forma\u00e7\u00e3o de profissionais qualificados, dificultando o atendimento pleno \u00e0s necessidades da popula\u00e7\u00e3o\u201d, destacou o presidente do CREFITO-10.<\/p>\n\n\n\n<p>A diretora do CEFID reconheceu a relev\u00e2ncia da proposta e se comprometeu a apresent\u00e1-la \u00e0 Reitoria da UDESC. \u201cO tema \u00e9 fundamental para a sociedade catarinense, e nossa universidade possui plenas condi\u00e7\u00f5es t\u00e9cnicas e estruturais para viabilizar esse curso\u201d, afirmou a Profa. Suzana Matheus.<\/p>\n\n\n\n<p>Avan\u00e7a Terapia Ocupacional: ampliando presen\u00e7a, promovendo acesso<br>A iniciativa do CREFITO-10 integra o Programa Avan\u00e7a Terapia Ocupacional, criado com o objetivo de expandir a presen\u00e7a da Terapia Ocupacional nos territ\u00f3rios, fomentar a cria\u00e7\u00e3o de novos cursos de gradua\u00e7\u00e3o no estado e ampliar o acesso da popula\u00e7\u00e3o aos servi\u00e7os especializados da profiss\u00e3o.<\/p>\n\n\n\n<p>A abertura de um curso de gradua\u00e7\u00e3o em uma institui\u00e7\u00e3o p\u00fablica e de refer\u00eancia como a UDESC CEFID representa um avan\u00e7o significativo nesse processo, al\u00e9m de um marco para a forma\u00e7\u00e3o de novos profissionais no estado.<\/p>\n\n\n\n<p>O CREFITO-10 segue empenhado em promover a\u00e7\u00f5es concretas que garantam a expans\u00e3o, a valoriza\u00e7\u00e3o e o fortalecimento da Terapia Ocupacional em Santa Catarina, sempre com foco na defesa da sociedade e na qualifica\u00e7\u00e3o do cuidado em sa\u00fade.<\/p>\n","protected":false},"excerpt":{"rendered":"<p>Iniciativa integra as a\u00e7\u00f5es do Programa Avan\u00e7a Terapia Ocupacional Em mais um importante passo para o fortalecimento e valoriza\u00e7\u00e3o da Terapia Ocupacional em Santa Catarina, o CREFITO-10 esteve reunido, no [&hellip;]<\/p>\n","protected":false},"author":1,"featured_media":5730,"comment_status":"closed","ping_status":"closed","sticky":false,"template":"","format":"standard","meta":{"footnotes":""},"categories":[1],"tags":[],"class_list":["post-5729","post","type-post","status-publish","format-standard","has-post-thumbnail","hentry","category-sem-categoria"],"yoast_head":"<!-- This site is optimized with the Yoast SEO plugin v27.5 - https:\/\/yoast.com\/product\/yoast-seo-wordpress\/ -->\n<title>CREFITO-10 prop\u00f5e abertura de curso de Terapia Ocupacional na UDESC CEFID - CREFITO10<\/title>\n<meta name=\"robots\" content=\"index, follow, max-snippet:-1, max-image-preview:large, max-video-preview:-1\" \/>\n<link rel=\"canonical\" href=\"https:\/\/crefito10.org.br\/portal\/index.php\/2025\/07\/17\/crefito-10-propoe-abertura-de-curso-de-terapia-ocupacional-na-udesc-cefid\/\" \/>\n<meta property=\"og:locale\" content=\"pt_BR\" \/>\n<meta property=\"og:type\" content=\"article\" \/>\n<meta property=\"og:title\" content=\"CREFITO-10 prop\u00f5e abertura de curso de Terapia Ocupacional na UDESC CEFID - CREFITO10\" \/>\n<meta property=\"og:description\" content=\"Iniciativa integra as a\u00e7\u00f5es do Programa Avan\u00e7a Terapia Ocupacional Em mais um importante passo para o fortalecimento e valoriza\u00e7\u00e3o da Terapia Ocupacional em Santa Catarina, o CREFITO-10 esteve reunido, no [&hellip;]\" \/>\n<meta property=\"og:url\" content=\"https:\/\/crefito10.org.br\/portal\/index.php\/2025\/07\/17\/crefito-10-propoe-abertura-de-curso-de-terapia-ocupacional-na-udesc-cefid\/\" \/>\n<meta property=\"og:site_name\" content=\"CREFITO10\" \/>\n<meta property=\"article:published_time\" content=\"2025-07-17T14:24:59+00:00\" \/>\n<meta property=\"article:modified_time\" content=\"2025-07-17T14:25:40+00:00\" \/>\n<meta property=\"og:image\" content=\"https:\/\/crefito10.org.br\/portal\/wp-content\/uploads\/2025\/07\/crefito-10-cefid-curso-terapia-ocupacional.jpg\" \/>\n\t<meta property=\"og:image:width\" content=\"1080\" \/>\n\t<meta property=\"og:image:height\" content=\"1080\" \/>\n\t<meta property=\"og:image:type\" content=\"image\/jpeg\" \/>\n<meta name=\"author\" content=\"crefito10\" \/>\n<meta name=\"twitter:card\" content=\"summary_large_image\" \/>\n<meta name=\"twitter:label1\" content=\"Escrito por\" \/>\n\t<meta name=\"twitter:data1\" content=\"crefito10\" \/>\n\t<meta name=\"twitter:label2\" content=\"Est. tempo de leitura\" \/>\n\t<meta name=\"twitter:data2\" content=\"2 minutos\" \/>\n<script type=\"application\/ld+json\" class=\"yoast-schema-graph\">{\"@context\":\"https:\\\/\\\/schema.org\",\"@graph\":[{\"@type\":\"Article\",\"@id\":\"https:\\\/\\\/crefito10.org.br\\\/portal\\\/index.php\\\/2025\\\/07\\\/17\\\/crefito-10-propoe-abertura-de-curso-de-terapia-ocupacional-na-udesc-cefid\\\/#article\",\"isPartOf\":{\"@id\":\"https:\\\/\\\/crefito10.org.br\\\/portal\\\/index.php\\\/2025\\\/07\\\/17\\\/crefito-10-propoe-abertura-de-curso-de-terapia-ocupacional-na-udesc-cefid\\\/\"},\"author\":{\"name\":\"crefito10\",\"@id\":\"https:\\\/\\\/crefito10.org.br\\\/portal\\\/#\\\/schema\\\/person\\\/165d232f8731d6aaebd67ca88b737384\"},\"headline\":\"CREFITO-10 prop\u00f5e abertura de curso de Terapia Ocupacional na UDESC CEFID\",\"datePublished\":\"2025-07-17T14:24:59+00:00\",\"dateModified\":\"2025-07-17T14:25:40+00:00\",\"mainEntityOfPage\":{\"@id\":\"https:\\\/\\\/crefito10.org.br\\\/portal\\\/index.php\\\/2025\\\/07\\\/17\\\/crefito-10-propoe-abertura-de-curso-de-terapia-ocupacional-na-udesc-cefid\\\/\"},\"wordCount\":445,\"publisher\":{\"@id\":\"https:\\\/\\\/crefito10.org.br\\\/portal\\\/#organization\"},\"image\":{\"@id\":\"https:\\\/\\\/crefito10.org.br\\\/portal\\\/index.php\\\/2025\\\/07\\\/17\\\/crefito-10-propoe-abertura-de-curso-de-terapia-ocupacional-na-udesc-cefid\\\/#primaryimage\"},\"thumbnailUrl\":\"https:\\\/\\\/crefito10.org.br\\\/portal\\\/wp-content\\\/uploads\\\/2025\\\/07\\\/crefito-10-cefid-curso-terapia-ocupacional.jpg\",\"inLanguage\":\"pt-BR\"},{\"@type\":\"WebPage\",\"@id\":\"https:\\\/\\\/crefito10.org.br\\\/portal\\\/index.php\\\/2025\\\/07\\\/17\\\/crefito-10-propoe-abertura-de-curso-de-terapia-ocupacional-na-udesc-cefid\\\/\",\"url\":\"https:\\\/\\\/crefito10.org.br\\\/portal\\\/index.php\\\/2025\\\/07\\\/17\\\/crefito-10-propoe-abertura-de-curso-de-terapia-ocupacional-na-udesc-cefid\\\/\",\"name\":\"CREFITO-10 prop\u00f5e abertura de curso de Terapia Ocupacional na UDESC CEFID - CREFITO10\",\"isPartOf\":{\"@id\":\"https:\\\/\\\/crefito10.org.br\\\/portal\\\/#website\"},\"primaryImageOfPage\":{\"@id\":\"https:\\\/\\\/crefito10.org.br\\\/portal\\\/index.php\\\/2025\\\/07\\\/17\\\/crefito-10-propoe-abertura-de-curso-de-terapia-ocupacional-na-udesc-cefid\\\/#primaryimage\"},\"image\":{\"@id\":\"https:\\\/\\\/crefito10.org.br\\\/portal\\\/index.php\\\/2025\\\/07\\\/17\\\/crefito-10-propoe-abertura-de-curso-de-terapia-ocupacional-na-udesc-cefid\\\/#primaryimage\"},\"thumbnailUrl\":\"https:\\\/\\\/crefito10.org.br\\\/portal\\\/wp-content\\\/uploads\\\/2025\\\/07\\\/crefito-10-cefid-curso-terapia-ocupacional.jpg\",\"datePublished\":\"2025-07-17T14:24:59+00:00\",\"dateModified\":\"2025-07-17T14:25:40+00:00\",\"breadcrumb\":{\"@id\":\"https:\\\/\\\/crefito10.org.br\\\/portal\\\/index.php\\\/2025\\\/07\\\/17\\\/crefito-10-propoe-abertura-de-curso-de-terapia-ocupacional-na-udesc-cefid\\\/#breadcrumb\"},\"inLanguage\":\"pt-BR\",\"potentialAction\":[{\"@type\":\"ReadAction\",\"target\":[\"https:\\\/\\\/crefito10.org.br\\\/portal\\\/index.php\\\/2025\\\/07\\\/17\\\/crefito-10-propoe-abertura-de-curso-de-terapia-ocupacional-na-udesc-cefid\\\/\"]}]},{\"@type\":\"ImageObject\",\"inLanguage\":\"pt-BR\",\"@id\":\"https:\\\/\\\/crefito10.org.br\\\/portal\\\/index.php\\\/2025\\\/07\\\/17\\\/crefito-10-propoe-abertura-de-curso-de-terapia-ocupacional-na-udesc-cefid\\\/#primaryimage\",\"url\":\"https:\\\/\\\/crefito10.org.br\\\/portal\\\/wp-content\\\/uploads\\\/2025\\\/07\\\/crefito-10-cefid-curso-terapia-ocupacional.jpg\",\"contentUrl\":\"https:\\\/\\\/crefito10.org.br\\\/portal\\\/wp-content\\\/uploads\\\/2025\\\/07\\\/crefito-10-cefid-curso-terapia-ocupacional.jpg\",\"width\":1080,\"height\":1080},{\"@type\":\"BreadcrumbList\",\"@id\":\"https:\\\/\\\/crefito10.org.br\\\/portal\\\/index.php\\\/2025\\\/07\\\/17\\\/crefito-10-propoe-abertura-de-curso-de-terapia-ocupacional-na-udesc-cefid\\\/#breadcrumb\",\"itemListElement\":[{\"@type\":\"ListItem\",\"position\":1,\"name\":\"In\u00edcio\",\"item\":\"https:\\\/\\\/crefito10.org.br\\\/portal\\\/\"},{\"@type\":\"ListItem\",\"position\":2,\"name\":\"CREFITO-10 prop\u00f5e abertura de curso de Terapia Ocupacional na UDESC CEFID\"}]},{\"@type\":\"WebSite\",\"@id\":\"https:\\\/\\\/crefito10.org.br\\\/portal\\\/#website\",\"url\":\"https:\\\/\\\/crefito10.org.br\\\/portal\\\/\",\"name\":\"CREFITO-10\",\"description\":\"\",\"publisher\":{\"@id\":\"https:\\\/\\\/crefito10.org.br\\\/portal\\\/#organization\"},\"potentialAction\":[{\"@type\":\"SearchAction\",\"target\":{\"@type\":\"EntryPoint\",\"urlTemplate\":\"https:\\\/\\\/crefito10.org.br\\\/portal\\\/?s={search_term_string}\"},\"query-input\":{\"@type\":\"PropertyValueSpecification\",\"valueRequired\":true,\"valueName\":\"search_term_string\"}}],\"inLanguage\":\"pt-BR\"},{\"@type\":\"Organization\",\"@id\":\"https:\\\/\\\/crefito10.org.br\\\/portal\\\/#organization\",\"name\":\"CREFITO-10\",\"url\":\"https:\\\/\\\/crefito10.org.br\\\/portal\\\/\",\"logo\":{\"@type\":\"ImageObject\",\"inLanguage\":\"pt-BR\",\"@id\":\"https:\\\/\\\/crefito10.org.br\\\/portal\\\/#\\\/schema\\\/logo\\\/image\\\/\",\"url\":\"https:\\\/\\\/crefito10.org.br\\\/portal\\\/wp-content\\\/uploads\\\/2022\\\/02\\\/WhatsApp-Image-2022-03-11-at-13.34.44-e1648128473135.jpeg\",\"contentUrl\":\"https:\\\/\\\/crefito10.org.br\\\/portal\\\/wp-content\\\/uploads\\\/2022\\\/02\\\/WhatsApp-Image-2022-03-11-at-13.34.44-e1648128473135.jpeg\",\"width\":139,\"height\":25,\"caption\":\"CREFITO-10\"},\"image\":{\"@id\":\"https:\\\/\\\/crefito10.org.br\\\/portal\\\/#\\\/schema\\\/logo\\\/image\\\/\"},\"sameAs\":[\"https:\\\/\\\/www.instagram.com\\\/crefito10\"]},{\"@type\":\"Person\",\"@id\":\"https:\\\/\\\/crefito10.org.br\\\/portal\\\/#\\\/schema\\\/person\\\/165d232f8731d6aaebd67ca88b737384\",\"name\":\"crefito10\",\"sameAs\":[\"http:\\\/\\\/crefito10.org.br\\\/portal\"]}]}<\/script>\n<!-- \/ Yoast SEO plugin. -->","yoast_head_json":{"title":"CREFITO-10 prop\u00f5e abertura de curso de Terapia Ocupacional na UDESC CEFID - CREFITO10","robots":{"index":"index","follow":"follow","max-snippet":"max-snippet:-1","max-image-preview":"max-image-preview:large","max-video-preview":"max-video-preview:-1"},"canonical":"https:\/\/crefito10.org.br\/portal\/index.php\/2025\/07\/17\/crefito-10-propoe-abertura-de-curso-de-terapia-ocupacional-na-udesc-cefid\/","og_locale":"pt_BR","og_type":"article","og_title":"CREFITO-10 prop\u00f5e abertura de curso de Terapia Ocupacional na UDESC CEFID - CREFITO10","og_description":"Iniciativa integra as a\u00e7\u00f5es do Programa Avan\u00e7a Terapia Ocupacional Em mais um importante passo para o fortalecimento e valoriza\u00e7\u00e3o da Terapia Ocupacional em Santa Catarina, o CREFITO-10 esteve reunido, no [&hellip;]","og_url":"https:\/\/crefito10.org.br\/portal\/index.php\/2025\/07\/17\/crefito-10-propoe-abertura-de-curso-de-terapia-ocupacional-na-udesc-cefid\/","og_site_name":"CREFITO10","article_published_time":"2025-07-17T14:24:59+00:00","article_modified_time":"2025-07-17T14:25:40+00:00","og_image":[{"width":1080,"height":1080,"url":"https:\/\/crefito10.org.br\/portal\/wp-content\/uploads\/2025\/07\/crefito-10-cefid-curso-terapia-ocupacional.jpg","type":"image\/jpeg"}],"author":"crefito10","twitter_card":"summary_large_image","twitter_misc":{"Escrito por":"crefito10","Est. tempo de leitura":"2 minutos"},"schema":{"@context":"https:\/\/schema.org","@graph":[{"@type":"Article","@id":"https:\/\/crefito10.org.br\/portal\/index.php\/2025\/07\/17\/crefito-10-propoe-abertura-de-curso-de-terapia-ocupacional-na-udesc-cefid\/#article","isPartOf":{"@id":"https:\/\/crefito10.org.br\/portal\/index.php\/2025\/07\/17\/crefito-10-propoe-abertura-de-curso-de-terapia-ocupacional-na-udesc-cefid\/"},"author":{"name":"crefito10","@id":"https:\/\/crefito10.org.br\/portal\/#\/schema\/person\/165d232f8731d6aaebd67ca88b737384"},"headline":"CREFITO-10 prop\u00f5e abertura de curso de Terapia Ocupacional na UDESC CEFID","datePublished":"2025-07-17T14:24:59+00:00","dateModified":"2025-07-17T14:25:40+00:00","mainEntityOfPage":{"@id":"https:\/\/crefito10.org.br\/portal\/index.php\/2025\/07\/17\/crefito-10-propoe-abertura-de-curso-de-terapia-ocupacional-na-udesc-cefid\/"},"wordCount":445,"publisher":{"@id":"https:\/\/crefito10.org.br\/portal\/#organization"},"image":{"@id":"https:\/\/crefito10.org.br\/portal\/index.php\/2025\/07\/17\/crefito-10-propoe-abertura-de-curso-de-terapia-ocupacional-na-udesc-cefid\/#primaryimage"},"thumbnailUrl":"https:\/\/crefito10.org.br\/portal\/wp-content\/uploads\/2025\/07\/crefito-10-cefid-curso-terapia-ocupacional.jpg","inLanguage":"pt-BR"},{"@type":"WebPage","@id":"https:\/\/crefito10.org.br\/portal\/index.php\/2025\/07\/17\/crefito-10-propoe-abertura-de-curso-de-terapia-ocupacional-na-udesc-cefid\/","url":"https:\/\/crefito10.org.br\/portal\/index.php\/2025\/07\/17\/crefito-10-propoe-abertura-de-curso-de-terapia-ocupacional-na-udesc-cefid\/","name":"CREFITO-10 prop\u00f5e abertura de curso de Terapia Ocupacional na UDESC CEFID - CREFITO10","isPartOf":{"@id":"https:\/\/crefito10.org.br\/portal\/#website"},"primaryImageOfPage":{"@id":"https:\/\/crefito10.org.br\/portal\/index.php\/2025\/07\/17\/crefito-10-propoe-abertura-de-curso-de-terapia-ocupacional-na-udesc-cefid\/#primaryimage"},"image":{"@id":"https:\/\/crefito10.org.br\/portal\/index.php\/2025\/07\/17\/crefito-10-propoe-abertura-de-curso-de-terapia-ocupacional-na-udesc-cefid\/#primaryimage"},"thumbnailUrl":"https:\/\/crefito10.org.br\/portal\/wp-content\/uploads\/2025\/07\/crefito-10-cefid-curso-terapia-ocupacional.jpg","datePublished":"2025-07-17T14:24:59+00:00","dateModified":"2025-07-17T14:25:40+00:00","breadcrumb":{"@id":"https:\/\/crefito10.org.br\/portal\/index.php\/2025\/07\/17\/crefito-10-propoe-abertura-de-curso-de-terapia-ocupacional-na-udesc-cefid\/#breadcrumb"},"inLanguage":"pt-BR","potentialAction":[{"@type":"ReadAction","target":["https:\/\/crefito10.org.br\/portal\/index.php\/2025\/07\/17\/crefito-10-propoe-abertura-de-curso-de-terapia-ocupacional-na-udesc-cefid\/"]}]},{"@type":"ImageObject","inLanguage":"pt-BR","@id":"https:\/\/crefito10.org.br\/portal\/index.php\/2025\/07\/17\/crefito-10-propoe-abertura-de-curso-de-terapia-ocupacional-na-udesc-cefid\/#primaryimage","url":"https:\/\/crefito10.org.br\/portal\/wp-content\/uploads\/2025\/07\/crefito-10-cefid-curso-terapia-ocupacional.jpg","contentUrl":"https:\/\/crefito10.org.br\/portal\/wp-content\/uploads\/2025\/07\/crefito-10-cefid-curso-terapia-ocupacional.jpg","width":1080,"height":1080},{"@type":"BreadcrumbList","@id":"https:\/\/crefito10.org.br\/portal\/index.php\/2025\/07\/17\/crefito-10-propoe-abertura-de-curso-de-terapia-ocupacional-na-udesc-cefid\/#breadcrumb","itemListElement":[{"@type":"ListItem","position":1,"name":"In\u00edcio","item":"https:\/\/crefito10.org.br\/portal\/"},{"@type":"ListItem","position":2,"name":"CREFITO-10 prop\u00f5e abertura de curso de Terapia Ocupacional na UDESC CEFID"}]},{"@type":"WebSite","@id":"https:\/\/crefito10.org.br\/portal\/#website","url":"https:\/\/crefito10.org.br\/portal\/","name":"CREFITO-10","description":"","publisher":{"@id":"https:\/\/crefito10.org.br\/portal\/#organization"},"potentialAction":[{"@type":"SearchAction","target":{"@type":"EntryPoint","urlTemplate":"https:\/\/crefito10.org.br\/portal\/?s={search_term_string}"},"query-input":{"@type":"PropertyValueSpecification","valueRequired":true,"valueName":"search_term_string"}}],"inLanguage":"pt-BR"},{"@type":"Organization","@id":"https:\/\/crefito10.org.br\/portal\/#organization","name":"CREFITO-10","url":"https:\/\/crefito10.org.br\/portal\/","logo":{"@type":"ImageObject","inLanguage":"pt-BR","@id":"https:\/\/crefito10.org.br\/portal\/#\/schema\/logo\/image\/","url":"https:\/\/crefito10.org.br\/portal\/wp-content\/uploads\/2022\/02\/WhatsApp-Image-2022-03-11-at-13.34.44-e1648128473135.jpeg","contentUrl":"https:\/\/crefito10.org.br\/portal\/wp-content\/uploads\/2022\/02\/WhatsApp-Image-2022-03-11-at-13.34.44-e1648128473135.jpeg","width":139,"height":25,"caption":"CREFITO-10"},"image":{"@id":"https:\/\/crefito10.org.br\/portal\/#\/schema\/logo\/image\/"},"sameAs":["https:\/\/www.instagram.com\/crefito10"]},{"@type":"Person","@id":"https:\/\/crefito10.org.br\/portal\/#\/schema\/person\/165d232f8731d6aaebd67ca88b737384","name":"crefito10","sameAs":["http:\/\/crefito10.org.br\/portal"]}]}},"_links":{"self":[{"href":"https:\/\/crefito10.org.br\/portal\/index.php\/wp-json\/wp\/v2\/posts\/5729","targetHints":{"allow":["GET"]}}],"collection":[{"href":"https:\/\/crefito10.org.br\/portal\/index.php\/wp-json\/wp\/v2\/posts"}],"about":[{"href":"https:\/\/crefito10.org.br\/portal\/index.php\/wp-json\/wp\/v2\/types\/post"}],"author":[{"embeddable":true,"href":"https:\/\/crefito10.org.br\/portal\/index.php\/wp-json\/wp\/v2\/users\/1"}],"replies":[{"embeddable":true,"href":"https:\/\/crefito10.org.br\/portal\/index.php\/wp-json\/wp\/v2\/comments?post=5729"}],"version-history":[{"count":1,"href":"https:\/\/crefito10.org.br\/portal\/index.php\/wp-json\/wp\/v2\/posts\/5729\/revisions"}],"predecessor-version":[{"id":5731,"href":"https:\/\/crefito10.org.br\/portal\/index.php\/wp-json\/wp\/v2\/posts\/5729\/revisions\/5731"}],"wp:featuredmedia":[{"embeddable":true,"href":"https:\/\/crefito10.org.br\/portal\/index.php\/wp-json\/wp\/v2\/media\/5730"}],"wp:attachment":[{"href":"https:\/\/crefito10.org.br\/portal\/index.php\/wp-json\/wp\/v2\/media?parent=5729"}],"wp:term":[{"taxonomy":"category","embeddable":true,"href":"https:\/\/crefito10.org.br\/portal\/index.php\/wp-json\/wp\/v2\/categories?post=5729"},{"taxonomy":"post_tag","embeddable":true,"href":"https:\/\/crefito10.org.br\/portal\/index.php\/wp-json\/wp\/v2\/tags?post=5729"}],"curies":[{"name":"wp","href":"https:\/\/api.w.org\/{rel}","templated":true}]}}