{"id":5629,"date":"2025-06-01T00:00:00","date_gmt":"2025-06-01T03:00:00","guid":{"rendered":"https:\/\/crefito10.org.br\/portal\/?p=5629"},"modified":"2025-05-30T09:55:45","modified_gmt":"2025-05-30T12:55:45","slug":"junho-laranja-2025-marcas-no-corpo-marcas-na-alma","status":"publish","type":"post","link":"https:\/\/crefito10.org.br\/portal\/index.php\/2025\/06\/01\/junho-laranja-2025-marcas-no-corpo-marcas-na-alma\/","title":{"rendered":"JUNHO LARANJA 2025 \u2013 Marcas no corpo, marcas na alma"},"content":{"rendered":"\t\t<div data-elementor-type=\"wp-post\" data-elementor-id=\"5629\" class=\"elementor elementor-5629\">\n\t\t\t\t\t\t<section class=\"elementor-section elementor-top-section elementor-element elementor-element-e562f58 elementor-section-boxed elementor-section-height-default elementor-section-height-default\" data-id=\"e562f58\" data-element_type=\"section\" data-e-type=\"section\">\n\t\t\t\t\t\t<div class=\"elementor-container elementor-column-gap-default\">\n\t\t\t\t\t<div class=\"elementor-column elementor-col-100 elementor-top-column elementor-element elementor-element-53568da\" data-id=\"53568da\" data-element_type=\"column\" data-e-type=\"column\">\n\t\t\t<div class=\"elementor-widget-wrap elementor-element-populated\">\n\t\t\t\t\t\t<div class=\"elementor-element elementor-element-a1bc46b elementor-widget elementor-widget-spacer\" data-id=\"a1bc46b\" data-element_type=\"widget\" data-e-type=\"widget\" data-widget_type=\"spacer.default\">\n\t\t\t\t<div class=\"elementor-widget-container\">\n\t\t\t\t\t\t\t<div class=\"elementor-spacer\">\n\t\t\t<div class=\"elementor-spacer-inner\"><\/div>\n\t\t<\/div>\n\t\t\t\t\t\t<\/div>\n\t\t\t\t<\/div>\n\t\t\t\t<div class=\"elementor-element elementor-element-f94c8fe elementor-widget elementor-widget-heading\" data-id=\"f94c8fe\" data-element_type=\"widget\" data-e-type=\"widget\" data-widget_type=\"heading.default\">\n\t\t\t\t<div class=\"elementor-widget-container\">\n\t\t\t\t\t<h2 class=\"elementor-heading-title elementor-size-default\">JUNHO LARANJA 2025 \u2013 Marcas no corpo, marcas na alma\u200b<\/h2>\t\t\t\t<\/div>\n\t\t\t\t<\/div>\n\t\t\t\t<div class=\"elementor-element elementor-element-b6669fc elementor-widget elementor-widget-spacer\" data-id=\"b6669fc\" data-element_type=\"widget\" data-e-type=\"widget\" data-widget_type=\"spacer.default\">\n\t\t\t\t<div class=\"elementor-widget-container\">\n\t\t\t\t\t\t\t<div class=\"elementor-spacer\">\n\t\t\t<div class=\"elementor-spacer-inner\"><\/div>\n\t\t<\/div>\n\t\t\t\t\t\t<\/div>\n\t\t\t\t<\/div>\n\t\t\t\t<div class=\"elementor-element elementor-element-45b8bcb elementor-widget elementor-widget-text-editor\" data-id=\"45b8bcb\" data-element_type=\"widget\" data-e-type=\"widget\" data-widget_type=\"text-editor.default\">\n\t\t\t\t<div class=\"elementor-widget-container\">\n\t\t\t\t\t\t\t\t\t<div class=\"x_elementToProof\" data-olk-copy-source=\"MessageBody\">Neste m\u00eas de junho, o CREFITO-10 une-se \u00e0 Sociedade Brasileira de Queimaduras (SBQ) para ampliar a conscientiza\u00e7\u00e3o sobre a preven\u00e7\u00e3o de queimaduras. Em 2025, a campanha foca em uma realidade urgente: a viol\u00eancia contra mulheres por meio de queimaduras intencionais, causadas por fogo ou subst\u00e2ncias qu\u00edmicas, como o \u00e1cido.<\/div><div class=\"x_elementToProof\">\u00a0<\/div><div class=\"x_elementToProof\">\ud83d\udccc A queimadura tem sido usada como forma extrema de puni\u00e7\u00e3o, controle e tentativa de desfigura\u00e7\u00e3o f\u00edsica e simb\u00f3lica. Deixa marcas no corpo \u2014 e na alma.<\/div><div class=\"x_elementToProof\">\u00a0<\/div><div class=\"x_elementToProof\">\ud83d\udcf2 Estudos apontam que em torno de 20% dos casos de viol\u00eancia dom\u00e9stica envolvem queimaduras. Apesar disso, a subnotifica\u00e7\u00e3o \u00e9 alta: poucos casos s\u00e3o registrados como viol\u00eancia nas unidades de sa\u00fade, o que oculta a real dimens\u00e3o do problema.<\/div><div class=\"x_elementToProof\">\u00a0<\/div><div class=\"x_elementToProof\">\ud83d\udcc9 Em Santa Catarina, cerca de 50 feminic\u00eddios ocorrem por ano e milhares de processos de viol\u00eancia dom\u00e9stica tramitam no Judici\u00e1rio. No entanto, nos registros hospitalares, raramente a queimadura \u00e9 associada \u00e0 viol\u00eancia, dificultando a investiga\u00e7\u00e3o e o cuidado integral \u00e0 v\u00edtima.<\/div><div class=\"x_elementToProof\">\u00a0<\/div><div class=\"x_elementToProof\">\u26a0\ufe0f A campanha Junho Laranja 2025 alerta:<\/div><div class=\"x_elementToProof\">Queimadura intencional n\u00e3o \u00e9 acidente. \u00c9 crime.<\/div><div class=\"x_elementToProof\">\u00c9 uma tentativa de calar, punir ou controlar mulheres e pessoas trans.<\/div><div class=\"x_elementToProof\">\u00a0<\/div><div class=\"x_elementToProof\">\ud83c\udfaf Objetivos da campanha:<\/div><div class=\"x_elementToProof\">\u2705 Alertar sobre queimaduras como forma de viol\u00eancia de g\u00eanero;<\/div><div class=\"x_elementToProof\">\u2705 Sensibilizar os profissionais de sa\u00fade para a identifica\u00e7\u00e3o, acolhimento e notifica\u00e7\u00e3o dos casos;<\/div><div class=\"x_elementToProof\">\u2705 Incentivar den\u00fancias e o rompimento do ciclo de viol\u00eancia;<\/div><div class=\"x_elementToProof\">\u2705 Estimular pol\u00edticas p\u00fablicas de apoio \u00e0s v\u00edtimas, com assist\u00eancia em sa\u00fade, reabilita\u00e7\u00e3o, est\u00e9tica e acolhimento psicol\u00f3gico.<\/div><div class=\"x_elementToProof\">\u00a0<\/div><div class=\"x_elementToProof\">\ud83d\udca0 A Fisioterapia e a Terapia Ocupacional t\u00eam papel essencial na reabilita\u00e7\u00e3o de v\u00edtimas de queimaduras. O trabalho do\u00a0Fisioterapeuta e do Terapeuta Ocupacional auxilia na recupera\u00e7\u00e3o da mobilidade, da autonomia e da autoestima, com cuidado especializado e continuado.<\/div><div class=\"x_elementToProof\">\u00a0<\/div><div class=\"x_elementToProof\">\ud83d\udce3 Falar \u00e9 proteger. Divulgar \u00e9 prevenir. Denunciar \u00e9 salvar vidas.<\/div><div class=\"x_elementToProof\">\u00a0<\/div><div class=\"x_elementToProof\">\ud83d\udea8 Disque 180 \u2013 Central de Atendimento \u00e0 Mulher<\/div><div class=\"x_elementToProof\">\ud83d\udea8 Disque 190 \u2013 Pol\u00edcia Militar<\/div><div class=\"x_elementToProof\">\ud83d\udea8 Delegacia Virtual: delegaciavirtual.sc.gov.br<\/div><div class=\"x_elementToProof\">\u00a0<\/div><div class=\"x_elementToProof\">#JunhoLaranja #CREFITO10 #Fisioterapia #TerapiaOcupacional #SantaCatarina<\/div><div class=\"x_elementToProof\">#MarcasNoCorpoMarcasNaAlma #Viol\u00eanciaContraMulherN\u00e3o #Denuncie #Queimadura\u00c9Viol\u00eancia<\/div><div class=\"x_elementToProof\">#Fisioterapeuta #TerapeutaOcupacional #SBQ<\/div>\t\t\t\t\t\t\t\t<\/div>\n\t\t\t\t<\/div>\n\t\t\t\t<div class=\"elementor-element elementor-element-964556d elementor-widget elementor-widget-spacer\" data-id=\"964556d\" data-element_type=\"widget\" data-e-type=\"widget\" data-widget_type=\"spacer.default\">\n\t\t\t\t<div class=\"elementor-widget-container\">\n\t\t\t\t\t\t\t<div class=\"elementor-spacer\">\n\t\t\t<div class=\"elementor-spacer-inner\"><\/div>\n\t\t<\/div>\n\t\t\t\t\t\t<\/div>\n\t\t\t\t<\/div>\n\t\t\t\t\t<\/div>\n\t\t<\/div>\n\t\t\t\t\t<\/div>\n\t\t<\/section>\n\t\t\t\t<\/div>\n\t\t","protected":false},"excerpt":{"rendered":"<p>JUNHO LARANJA 2025 \u2013 Marcas no corpo, marcas na alma\u200b Neste m\u00eas de junho, o CREFITO-10 une-se \u00e0 Sociedade Brasileira de Queimaduras (SBQ) para ampliar a conscientiza\u00e7\u00e3o sobre a preven\u00e7\u00e3o [&hellip;]<\/p>\n","protected":false},"author":1,"featured_media":0,"comment_status":"closed","ping_status":"closed","sticky":false,"template":"","format":"standard","meta":{"footnotes":""},"categories":[1],"tags":[],"class_list":["post-5629","post","type-post","status-publish","format-standard","hentry","category-sem-categoria"],"yoast_head":"<!-- This site is optimized with the Yoast SEO plugin v27.5 - https:\/\/yoast.com\/product\/yoast-seo-wordpress\/ -->\n<title>JUNHO LARANJA 2025 \u2013 Marcas no corpo, marcas na alma - CREFITO10<\/title>\n<meta name=\"robots\" content=\"index, follow, max-snippet:-1, max-image-preview:large, max-video-preview:-1\" \/>\n<link rel=\"canonical\" href=\"https:\/\/crefito10.org.br\/portal\/index.php\/2025\/06\/01\/junho-laranja-2025-marcas-no-corpo-marcas-na-alma\/\" \/>\n<meta property=\"og:locale\" content=\"pt_BR\" \/>\n<meta property=\"og:type\" content=\"article\" \/>\n<meta property=\"og:title\" content=\"JUNHO LARANJA 2025 \u2013 Marcas no corpo, marcas na alma - CREFITO10\" \/>\n<meta property=\"og:description\" content=\"JUNHO LARANJA 2025 \u2013 Marcas no corpo, marcas na alma\u200b Neste m\u00eas de junho, o CREFITO-10 une-se \u00e0 Sociedade Brasileira de Queimaduras (SBQ) para ampliar a conscientiza\u00e7\u00e3o sobre a preven\u00e7\u00e3o [&hellip;]\" \/>\n<meta property=\"og:url\" content=\"https:\/\/crefito10.org.br\/portal\/index.php\/2025\/06\/01\/junho-laranja-2025-marcas-no-corpo-marcas-na-alma\/\" \/>\n<meta property=\"og:site_name\" content=\"CREFITO10\" \/>\n<meta property=\"article:published_time\" content=\"2025-06-01T03:00:00+00:00\" \/>\n<meta name=\"author\" content=\"crefito10\" \/>\n<meta name=\"twitter:card\" content=\"summary_large_image\" \/>\n<meta name=\"twitter:label1\" content=\"Escrito por\" \/>\n\t<meta name=\"twitter:data1\" content=\"crefito10\" \/>\n\t<meta name=\"twitter:label2\" content=\"Est. tempo de leitura\" \/>\n\t<meta name=\"twitter:data2\" content=\"2 minutos\" \/>\n<script type=\"application\/ld+json\" class=\"yoast-schema-graph\">{\"@context\":\"https:\\\/\\\/schema.org\",\"@graph\":[{\"@type\":\"Article\",\"@id\":\"https:\\\/\\\/crefito10.org.br\\\/portal\\\/index.php\\\/2025\\\/06\\\/01\\\/junho-laranja-2025-marcas-no-corpo-marcas-na-alma\\\/#article\",\"isPartOf\":{\"@id\":\"https:\\\/\\\/crefito10.org.br\\\/portal\\\/index.php\\\/2025\\\/06\\\/01\\\/junho-laranja-2025-marcas-no-corpo-marcas-na-alma\\\/\"},\"author\":{\"name\":\"crefito10\",\"@id\":\"https:\\\/\\\/crefito10.org.br\\\/portal\\\/#\\\/schema\\\/person\\\/165d232f8731d6aaebd67ca88b737384\"},\"headline\":\"JUNHO LARANJA 2025 \u2013 Marcas no corpo, marcas na alma\",\"datePublished\":\"2025-06-01T03:00:00+00:00\",\"mainEntityOfPage\":{\"@id\":\"https:\\\/\\\/crefito10.org.br\\\/portal\\\/index.php\\\/2025\\\/06\\\/01\\\/junho-laranja-2025-marcas-no-corpo-marcas-na-alma\\\/\"},\"wordCount\":352,\"publisher\":{\"@id\":\"https:\\\/\\\/crefito10.org.br\\\/portal\\\/#organization\"},\"inLanguage\":\"pt-BR\"},{\"@type\":\"WebPage\",\"@id\":\"https:\\\/\\\/crefito10.org.br\\\/portal\\\/index.php\\\/2025\\\/06\\\/01\\\/junho-laranja-2025-marcas-no-corpo-marcas-na-alma\\\/\",\"url\":\"https:\\\/\\\/crefito10.org.br\\\/portal\\\/index.php\\\/2025\\\/06\\\/01\\\/junho-laranja-2025-marcas-no-corpo-marcas-na-alma\\\/\",\"name\":\"JUNHO LARANJA 2025 \u2013 Marcas no corpo, marcas na alma - CREFITO10\",\"isPartOf\":{\"@id\":\"https:\\\/\\\/crefito10.org.br\\\/portal\\\/#website\"},\"datePublished\":\"2025-06-01T03:00:00+00:00\",\"breadcrumb\":{\"@id\":\"https:\\\/\\\/crefito10.org.br\\\/portal\\\/index.php\\\/2025\\\/06\\\/01\\\/junho-laranja-2025-marcas-no-corpo-marcas-na-alma\\\/#breadcrumb\"},\"inLanguage\":\"pt-BR\",\"potentialAction\":[{\"@type\":\"ReadAction\",\"target\":[\"https:\\\/\\\/crefito10.org.br\\\/portal\\\/index.php\\\/2025\\\/06\\\/01\\\/junho-laranja-2025-marcas-no-corpo-marcas-na-alma\\\/\"]}]},{\"@type\":\"BreadcrumbList\",\"@id\":\"https:\\\/\\\/crefito10.org.br\\\/portal\\\/index.php\\\/2025\\\/06\\\/01\\\/junho-laranja-2025-marcas-no-corpo-marcas-na-alma\\\/#breadcrumb\",\"itemListElement\":[{\"@type\":\"ListItem\",\"position\":1,\"name\":\"In\u00edcio\",\"item\":\"https:\\\/\\\/crefito10.org.br\\\/portal\\\/\"},{\"@type\":\"ListItem\",\"position\":2,\"name\":\"JUNHO LARANJA 2025 \u2013 Marcas no corpo, marcas na alma\"}]},{\"@type\":\"WebSite\",\"@id\":\"https:\\\/\\\/crefito10.org.br\\\/portal\\\/#website\",\"url\":\"https:\\\/\\\/crefito10.org.br\\\/portal\\\/\",\"name\":\"CREFITO-10\",\"description\":\"\",\"publisher\":{\"@id\":\"https:\\\/\\\/crefito10.org.br\\\/portal\\\/#organization\"},\"potentialAction\":[{\"@type\":\"SearchAction\",\"target\":{\"@type\":\"EntryPoint\",\"urlTemplate\":\"https:\\\/\\\/crefito10.org.br\\\/portal\\\/?s={search_term_string}\"},\"query-input\":{\"@type\":\"PropertyValueSpecification\",\"valueRequired\":true,\"valueName\":\"search_term_string\"}}],\"inLanguage\":\"pt-BR\"},{\"@type\":\"Organization\",\"@id\":\"https:\\\/\\\/crefito10.org.br\\\/portal\\\/#organization\",\"name\":\"CREFITO-10\",\"url\":\"https:\\\/\\\/crefito10.org.br\\\/portal\\\/\",\"logo\":{\"@type\":\"ImageObject\",\"inLanguage\":\"pt-BR\",\"@id\":\"https:\\\/\\\/crefito10.org.br\\\/portal\\\/#\\\/schema\\\/logo\\\/image\\\/\",\"url\":\"https:\\\/\\\/crefito10.org.br\\\/portal\\\/wp-content\\\/uploads\\\/2022\\\/02\\\/WhatsApp-Image-2022-03-11-at-13.34.44-e1648128473135.jpeg\",\"contentUrl\":\"https:\\\/\\\/crefito10.org.br\\\/portal\\\/wp-content\\\/uploads\\\/2022\\\/02\\\/WhatsApp-Image-2022-03-11-at-13.34.44-e1648128473135.jpeg\",\"width\":139,\"height\":25,\"caption\":\"CREFITO-10\"},\"image\":{\"@id\":\"https:\\\/\\\/crefito10.org.br\\\/portal\\\/#\\\/schema\\\/logo\\\/image\\\/\"},\"sameAs\":[\"https:\\\/\\\/www.instagram.com\\\/crefito10\"]},{\"@type\":\"Person\",\"@id\":\"https:\\\/\\\/crefito10.org.br\\\/portal\\\/#\\\/schema\\\/person\\\/165d232f8731d6aaebd67ca88b737384\",\"name\":\"crefito10\",\"sameAs\":[\"http:\\\/\\\/crefito10.org.br\\\/portal\"]}]}<\/script>\n<!-- \/ Yoast SEO plugin. -->","yoast_head_json":{"title":"JUNHO LARANJA 2025 \u2013 Marcas no corpo, marcas na alma - CREFITO10","robots":{"index":"index","follow":"follow","max-snippet":"max-snippet:-1","max-image-preview":"max-image-preview:large","max-video-preview":"max-video-preview:-1"},"canonical":"https:\/\/crefito10.org.br\/portal\/index.php\/2025\/06\/01\/junho-laranja-2025-marcas-no-corpo-marcas-na-alma\/","og_locale":"pt_BR","og_type":"article","og_title":"JUNHO LARANJA 2025 \u2013 Marcas no corpo, marcas na alma - CREFITO10","og_description":"JUNHO LARANJA 2025 \u2013 Marcas no corpo, marcas na alma\u200b Neste m\u00eas de junho, o CREFITO-10 une-se \u00e0 Sociedade Brasileira de Queimaduras (SBQ) para ampliar a conscientiza\u00e7\u00e3o sobre a preven\u00e7\u00e3o [&hellip;]","og_url":"https:\/\/crefito10.org.br\/portal\/index.php\/2025\/06\/01\/junho-laranja-2025-marcas-no-corpo-marcas-na-alma\/","og_site_name":"CREFITO10","article_published_time":"2025-06-01T03:00:00+00:00","author":"crefito10","twitter_card":"summary_large_image","twitter_misc":{"Escrito por":"crefito10","Est. tempo de leitura":"2 minutos"},"schema":{"@context":"https:\/\/schema.org","@graph":[{"@type":"Article","@id":"https:\/\/crefito10.org.br\/portal\/index.php\/2025\/06\/01\/junho-laranja-2025-marcas-no-corpo-marcas-na-alma\/#article","isPartOf":{"@id":"https:\/\/crefito10.org.br\/portal\/index.php\/2025\/06\/01\/junho-laranja-2025-marcas-no-corpo-marcas-na-alma\/"},"author":{"name":"crefito10","@id":"https:\/\/crefito10.org.br\/portal\/#\/schema\/person\/165d232f8731d6aaebd67ca88b737384"},"headline":"JUNHO LARANJA 2025 \u2013 Marcas no corpo, marcas na alma","datePublished":"2025-06-01T03:00:00+00:00","mainEntityOfPage":{"@id":"https:\/\/crefito10.org.br\/portal\/index.php\/2025\/06\/01\/junho-laranja-2025-marcas-no-corpo-marcas-na-alma\/"},"wordCount":352,"publisher":{"@id":"https:\/\/crefito10.org.br\/portal\/#organization"},"inLanguage":"pt-BR"},{"@type":"WebPage","@id":"https:\/\/crefito10.org.br\/portal\/index.php\/2025\/06\/01\/junho-laranja-2025-marcas-no-corpo-marcas-na-alma\/","url":"https:\/\/crefito10.org.br\/portal\/index.php\/2025\/06\/01\/junho-laranja-2025-marcas-no-corpo-marcas-na-alma\/","name":"JUNHO LARANJA 2025 \u2013 Marcas no corpo, marcas na alma - CREFITO10","isPartOf":{"@id":"https:\/\/crefito10.org.br\/portal\/#website"},"datePublished":"2025-06-01T03:00:00+00:00","breadcrumb":{"@id":"https:\/\/crefito10.org.br\/portal\/index.php\/2025\/06\/01\/junho-laranja-2025-marcas-no-corpo-marcas-na-alma\/#breadcrumb"},"inLanguage":"pt-BR","potentialAction":[{"@type":"ReadAction","target":["https:\/\/crefito10.org.br\/portal\/index.php\/2025\/06\/01\/junho-laranja-2025-marcas-no-corpo-marcas-na-alma\/"]}]},{"@type":"BreadcrumbList","@id":"https:\/\/crefito10.org.br\/portal\/index.php\/2025\/06\/01\/junho-laranja-2025-marcas-no-corpo-marcas-na-alma\/#breadcrumb","itemListElement":[{"@type":"ListItem","position":1,"name":"In\u00edcio","item":"https:\/\/crefito10.org.br\/portal\/"},{"@type":"ListItem","position":2,"name":"JUNHO LARANJA 2025 \u2013 Marcas no corpo, marcas na alma"}]},{"@type":"WebSite","@id":"https:\/\/crefito10.org.br\/portal\/#website","url":"https:\/\/crefito10.org.br\/portal\/","name":"CREFITO-10","description":"","publisher":{"@id":"https:\/\/crefito10.org.br\/portal\/#organization"},"potentialAction":[{"@type":"SearchAction","target":{"@type":"EntryPoint","urlTemplate":"https:\/\/crefito10.org.br\/portal\/?s={search_term_string}"},"query-input":{"@type":"PropertyValueSpecification","valueRequired":true,"valueName":"search_term_string"}}],"inLanguage":"pt-BR"},{"@type":"Organization","@id":"https:\/\/crefito10.org.br\/portal\/#organization","name":"CREFITO-10","url":"https:\/\/crefito10.org.br\/portal\/","logo":{"@type":"ImageObject","inLanguage":"pt-BR","@id":"https:\/\/crefito10.org.br\/portal\/#\/schema\/logo\/image\/","url":"https:\/\/crefito10.org.br\/portal\/wp-content\/uploads\/2022\/02\/WhatsApp-Image-2022-03-11-at-13.34.44-e1648128473135.jpeg","contentUrl":"https:\/\/crefito10.org.br\/portal\/wp-content\/uploads\/2022\/02\/WhatsApp-Image-2022-03-11-at-13.34.44-e1648128473135.jpeg","width":139,"height":25,"caption":"CREFITO-10"},"image":{"@id":"https:\/\/crefito10.org.br\/portal\/#\/schema\/logo\/image\/"},"sameAs":["https:\/\/www.instagram.com\/crefito10"]},{"@type":"Person","@id":"https:\/\/crefito10.org.br\/portal\/#\/schema\/person\/165d232f8731d6aaebd67ca88b737384","name":"crefito10","sameAs":["http:\/\/crefito10.org.br\/portal"]}]}},"_links":{"self":[{"href":"https:\/\/crefito10.org.br\/portal\/index.php\/wp-json\/wp\/v2\/posts\/5629","targetHints":{"allow":["GET"]}}],"collection":[{"href":"https:\/\/crefito10.org.br\/portal\/index.php\/wp-json\/wp\/v2\/posts"}],"about":[{"href":"https:\/\/crefito10.org.br\/portal\/index.php\/wp-json\/wp\/v2\/types\/post"}],"author":[{"embeddable":true,"href":"https:\/\/crefito10.org.br\/portal\/index.php\/wp-json\/wp\/v2\/users\/1"}],"replies":[{"embeddable":true,"href":"https:\/\/crefito10.org.br\/portal\/index.php\/wp-json\/wp\/v2\/comments?post=5629"}],"version-history":[{"count":4,"href":"https:\/\/crefito10.org.br\/portal\/index.php\/wp-json\/wp\/v2\/posts\/5629\/revisions"}],"predecessor-version":[{"id":5633,"href":"https:\/\/crefito10.org.br\/portal\/index.php\/wp-json\/wp\/v2\/posts\/5629\/revisions\/5633"}],"wp:attachment":[{"href":"https:\/\/crefito10.org.br\/portal\/index.php\/wp-json\/wp\/v2\/media?parent=5629"}],"wp:term":[{"taxonomy":"category","embeddable":true,"href":"https:\/\/crefito10.org.br\/portal\/index.php\/wp-json\/wp\/v2\/categories?post=5629"},{"taxonomy":"post_tag","embeddable":true,"href":"https:\/\/crefito10.org.br\/portal\/index.php\/wp-json\/wp\/v2\/tags?post=5629"}],"curies":[{"name":"wp","href":"https:\/\/api.w.org\/{rel}","templated":true}]}}